{"id":10142,"date":"2014-12-03T03:00:14","date_gmt":"2014-12-03T02:00:14","guid":{"rendered":"http:\/\/sven-ove.nu\/?p=10142"},"modified":"2014-12-02T09:55:09","modified_gmt":"2014-12-02T08:55:09","slug":"varfor-jag-tror-pa-dig-manniska","status":"publish","type":"post","link":"https:\/\/sven-ove.nu\/?p=10142","title":{"rendered":"Varf\u00f6r jag tror p\u00e5 dig, M\u00e4nniska"},"content":{"rendered":"<p><a href=\"https:\/\/sven-ove.nu\/wp-content\/uploads\/2014\/12\/Luossa.jpg\"><img loading=\"lazy\" decoding=\"async\" class=\"alignright size-large wp-image-10144\" src=\"https:\/\/sven-ove.nu\/wp-content\/uploads\/2014\/12\/Luossa-1024x768.jpg\" alt=\"Luossa\" width=\"640\" height=\"480\" srcset=\"https:\/\/sven-ove.nu\/wp-content\/uploads\/2014\/12\/Luossa-1024x768.jpg 1024w, https:\/\/sven-ove.nu\/wp-content\/uploads\/2014\/12\/Luossa-300x225.jpg 300w, https:\/\/sven-ove.nu\/wp-content\/uploads\/2014\/12\/Luossa.jpg 1632w\" sizes=\"auto, (max-width: 640px) 100vw, 640px\" \/><\/a><em>&#8211; Vilka av dina blogginl\u00e4gg har varit mest bes\u00f6kta och delade p\u00e5 facebook?<br \/>\n<\/em><em>&#8211; Det ena handlade om n\u00e4r min andra favoritbruksort Munkfors slogs f\u00f6r sin r\u00e4tt med s\u00e5ngen som metod. V\u00e5r egen v\u00e4rml\u00e4ndska sjungande revolution. <a href=\"https:\/\/sven-ove.nu\/?p=10114\">Det andra<\/a> kom h\u00e4rom dagen och handlade om tiggares och flyktingars m\u00e4nniskov\u00e4rde.<\/em><\/p>\n<p>Dialogen \u00e4r p\u00e5hittad men sann likafullt. Jag tycker det \u00e4r s\u00e5 hoppfullt.<\/p>\n<p><strong>Det fantastiska Munkfors och mitt favoritord<\/strong><br \/>\nL\u00e4rdom ett: ska du som bloggare n\u00e5 ut, d\u00e5 ska du n\u00e4stla dig in i det fantastiska n\u00e4tverk som heter <strong>Munkfors<\/strong>. Jag har sagt det till mina v\u00e4nner d\u00e4r f\u00f6rut och nu s\u00e4ger jag det igen: ni beh\u00f6ver inget facebook hemma hos er. Ni har ett b\u00e4ttre n\u00e4t i vardagen. Grattis, \u00e4lsker\u2019t! Det r\u00e4ckte med att en god v\u00e4n fr\u00e5n v\u00e4ster om \u00e4lven delade, sedan rasslade det till, f\u00f6r hon hade v\u00e4nner som hade v\u00e4nner som hade v\u00e4nner och det verkar som om alla bryr sig om varandra mellan R\u00e5da och Ols\u00e4ter. V\u00e4nner utombys har de ocks\u00e5, f\u00f6rst\u00e5s.<\/p>\n<p>B\u00e4st av allt var att detta h\u00e4nde n\u00e4r jag f\u00f6rs\u00f6kte skriva seri\u00f6st om ett vanligt enkelt n\u00f6jesarrangemang som n\u00e5dde djupt i en lokal folksj\u00e4l. Det var den lilla ortens kamp mot de stora j\u00e4ttarna.<\/p>\n<p>L\u00e4rdom tv\u00e5: <strong>solidariteten<\/strong> lever. Jod\u00e5, det dyker upp en och annan m\u00e4nniska i tr\u00e5darna om tiggarna som \u00e4r r\u00e4dd f\u00f6r att m\u00f6ta en stackars hungrig romsk rum\u00e4n p\u00e5 backen i kylan utanf\u00f6r sin matbutik. Det \u00e4r klart att jag kan f\u00f6rst\u00e5 den r\u00e4dde, p\u00e5 ett s\u00e4tt. Situationen \u00e4r ju s\u00e5 f\u00f6rnedrande, b\u00e5de f\u00f6r tiggaren och f\u00f6r den m\u00e4tte medelsvensken. I hundra \u00e5r har vi varit ovana vid tiggare i det som blev ett folkhem. F\u00f6rr fanns de h\u00e4r med och m\u00e5nga fattiga svenskar fick resa utomlands f\u00f6r att \u00f6verleva, men det minnet var gl\u00f6mt.<\/p>\n<p>Sj\u00e4lv r\u00f6stade jag nej till EU och skulle g\u00f6ra det i dag med. Men ni som vann, det var ju det h\u00e4r ni ville ha. Europeisk r\u00f6rlighet. Fria europ\u00e9er med tiggarmuggar utanf\u00f6r Konsum och ICA. F\u00f6rl\u00e5t, nu trillade jag dit, men hade ni v\u00e4ntat er att bara rika nordeurop\u00e9er skulle hitta hit? S\u00e5dana d\u00e4r som g\u00e5r in i butikerna och handlar? Snopet va\u2019? Europa var inte vara V\u00e4sttyskland, det var de f\u00f6rf\u00f6ljda romernas Rum\u00e4nien ocks\u00e5.<\/p>\n<p><strong>Vad pratet kan g\u00f6ra<\/strong><br \/>\nSolidariteten lever. N\u00e4r jag skrev om <a href=\"https:\/\/sven-ove.nu\/?p=10114\">myterna kring tiggare och flyktingar<\/a> fick jag fler bes\u00f6k \u00e4n n\u00e5gon g\u00e5ng tidigare, fler som delade. Det fortsatte i dagar och n\u00e4tter. Min blogg \u00e4r liten, sn\u00e4lla n\u00e5\u2019n jag har inga m\u00e4ktiga mediev\u00e4nner, men just d\u00e5 (och n\u00e4r jag skrev om den rosa k\u00f6rens kamp f\u00f6r munkf\u00f4rsingarnas sj\u00e4lvk\u00e4nsla) blev den stor en kort stund.<\/p>\n<p style=\"text-align: left;\"><a href=\"https:\/\/sven-ove.nu\/wp-content\/uploads\/2014\/12\/Orkid\u00e9er.jpg\"><img loading=\"lazy\" decoding=\"async\" class=\"size-thumbnail wp-image-10146 alignright\" src=\"https:\/\/sven-ove.nu\/wp-content\/uploads\/2014\/12\/Orkid\u00e9er-150x150.jpg\" alt=\"Orkid\u00e9er\" width=\"150\" height=\"150\" \/><\/a>Jag \u00e4lskar er, v\u00e4nner. Ni trogna bes\u00f6kare och ni tillf\u00e4lliga.<br \/>\nNi r\u00e4dda och f\u00f6rvirrade \u00e4r ocks\u00e5 v\u00e4lkomna. Jag kommer inte att h\u00e5lla med er om tiggarf\u00f6rbud och hemskickning av folk men vi kan v\u00e4l prata om saken.<\/p>\n<p>L\u00e5t oss vara m\u00e4nniskor en stund.<br \/>\nDet \u00e4r samtalet som g\u00f6r oss till m\u00e4nniskor.<\/p>\n","protected":false},"excerpt":{"rendered":"<p>&#8211; Vilka av dina blogginl\u00e4gg har varit mest bes\u00f6kta och delade p\u00e5 facebook? &#8211; Det ena handlade om n\u00e4r min andra favoritbruksort Munkfors slogs f\u00f6r sin r\u00e4tt med s\u00e5ngen som metod. V\u00e5r egen v\u00e4rml\u00e4ndska sjungande revolution. Det andra kom h\u00e4rom dagen och handlade om tiggares och flyktingars m\u00e4nniskov\u00e4rde. Dialogen \u00e4r p\u00e5hittad men sann likafullt. Jag &hellip; <a href=\"https:\/\/sven-ove.nu\/?p=10142\" class=\"more-link\">Forts\u00e4tt l\u00e4sa <span class=\"screen-reader-text\">Varf\u00f6r jag tror p\u00e5 dig, M\u00e4nniska<\/span><\/a><\/p>\n","protected":false},"author":1,"featured_media":0,"comment_status":"open","ping_status":"open","sticky":false,"template":"","format":"standard","meta":{"_crdt_document":"","_monsterinsights_skip_tracking":false,"_monsterinsights_sitenote_active":false,"_monsterinsights_sitenote_note":"","_monsterinsights_sitenote_category":0,"footnotes":""},"categories":[4],"tags":[24,18,17],"class_list":["post-10142","post","type-post","status-publish","format-standard","hentry","category-skrivande","tag-karlek","tag-lardomar","tag-solidaritet"],"_links":{"self":[{"href":"https:\/\/sven-ove.nu\/index.php?rest_route=\/wp\/v2\/posts\/10142","targetHints":{"allow":["GET"]}}],"collection":[{"href":"https:\/\/sven-ove.nu\/index.php?rest_route=\/wp\/v2\/posts"}],"about":[{"href":"https:\/\/sven-ove.nu\/index.php?rest_route=\/wp\/v2\/types\/post"}],"author":[{"embeddable":true,"href":"https:\/\/sven-ove.nu\/index.php?rest_route=\/wp\/v2\/users\/1"}],"replies":[{"embeddable":true,"href":"https:\/\/sven-ove.nu\/index.php?rest_route=%2Fwp%2Fv2%2Fcomments&post=10142"}],"version-history":[{"count":10,"href":"https:\/\/sven-ove.nu\/index.php?rest_route=\/wp\/v2\/posts\/10142\/revisions"}],"predecessor-version":[{"id":10167,"href":"https:\/\/sven-ove.nu\/index.php?rest_route=\/wp\/v2\/posts\/10142\/revisions\/10167"}],"wp:attachment":[{"href":"https:\/\/sven-ove.nu\/index.php?rest_route=%2Fwp%2Fv2%2Fmedia&parent=10142"}],"wp:term":[{"taxonomy":"category","embeddable":true,"href":"https:\/\/sven-ove.nu\/index.php?rest_route=%2Fwp%2Fv2%2Fcategories&post=10142"},{"taxonomy":"post_tag","embeddable":true,"href":"https:\/\/sven-ove.nu\/index.php?rest_route=%2Fwp%2Fv2%2Ftags&post=10142"}],"curies":[{"name":"wp","href":"https:\/\/api.w.org\/{rel}","templated":true}]}}