{"id":10173,"date":"2014-12-04T03:00:15","date_gmt":"2014-12-04T02:00:15","guid":{"rendered":"http:\/\/sven-ove.nu\/?p=10173"},"modified":"2014-12-04T00:55:10","modified_gmt":"2014-12-03T23:55:10","slug":"en-dag-da-svenskar-brukar-ata-tarta","status":"publish","type":"post","link":"https:\/\/sven-ove.nu\/?p=10173","title":{"rendered":"En dag d\u00e5 svenskar brukar \u00e4ta t\u00e5rta"},"content":{"rendered":"<p><a href=\"https:\/\/sven-ove.nu\/wp-content\/uploads\/2014\/10\/Lilla-pladdraren.jpg\"><img loading=\"lazy\" decoding=\"async\" class=\"alignright size-medium wp-image-9844\" src=\"https:\/\/sven-ove.nu\/wp-content\/uploads\/2014\/10\/Lilla-pladdraren-142x300.jpg\" alt=\"Lilla pladdraren\" width=\"142\" height=\"300\" srcset=\"https:\/\/sven-ove.nu\/wp-content\/uploads\/2014\/10\/Lilla-pladdraren-142x300.jpg 142w, https:\/\/sven-ove.nu\/wp-content\/uploads\/2014\/10\/Lilla-pladdraren-486x1024.jpg 486w, https:\/\/sven-ove.nu\/wp-content\/uploads\/2014\/10\/Lilla-pladdraren.jpg 763w\" sizes=\"auto, (max-width: 142px) 100vw, 142px\" \/><\/a>Dags f\u00f6r nyval den 22 mars. Senast det skedde var sommaren 1958, v\u00e5rvintern 1914 och v\u00e5ren 1887.<\/p>\n<p>Hoppas de f\u00e5r sin bel\u00f6ning d\u00e5 som f\u00f6rtj\u00e4nar det. Hoppas de senaste dagarnas lekstuga har \u00f6ppnat \u00f6gon och visat vilka som leker politik &#8211; och vilka som menar allvar och bryr sig om pension\u00e4rer och arbetsl\u00f6sa och vill ta ansvar.<\/p>\n<p>22 mars \u00e4r ett popul\u00e4rt datum. Det \u00e4r en av de dagar d\u00e5 flest svenskar firar f\u00f6delsedag. (Fundera \u00f6ver vilka vilda riter det beror p\u00e5). Jag vet vad jag hoppas f\u00f6ds den dagen.<\/p>\n<p>Para r\u00f6tt och gr\u00f6nt f\u00e5r du se.<br \/>\nVar s\u00e4rskilt noga med den ena kul\u00f6ren.<\/p>\n","protected":false},"excerpt":{"rendered":"<p>Dags f\u00f6r nyval den 22 mars. Senast det skedde var sommaren 1958, v\u00e5rvintern 1914 och v\u00e5ren 1887. Hoppas de f\u00e5r sin bel\u00f6ning d\u00e5 som f\u00f6rtj\u00e4nar det. Hoppas de senaste dagarnas lekstuga har \u00f6ppnat \u00f6gon och visat vilka som leker politik &#8211; och vilka som menar allvar och bryr sig om pension\u00e4rer och arbetsl\u00f6sa och vill &hellip; <a href=\"https:\/\/sven-ove.nu\/?p=10173\" class=\"more-link\">Forts\u00e4tt l\u00e4sa <span class=\"screen-reader-text\">En dag d\u00e5 svenskar brukar \u00e4ta t\u00e5rta<\/span><\/a><\/p>\n","protected":false},"author":1,"featured_media":0,"comment_status":"open","ping_status":"open","sticky":false,"template":"","format":"standard","meta":{"_crdt_document":"","_monsterinsights_skip_tracking":false,"_monsterinsights_sitenote_active":false,"_monsterinsights_sitenote_note":"","_monsterinsights_sitenote_category":0,"footnotes":""},"categories":[9],"tags":[17],"class_list":["post-10173","post","type-post","status-publish","format-standard","hentry","category-politik","tag-solidaritet"],"_links":{"self":[{"href":"https:\/\/sven-ove.nu\/index.php?rest_route=\/wp\/v2\/posts\/10173","targetHints":{"allow":["GET"]}}],"collection":[{"href":"https:\/\/sven-ove.nu\/index.php?rest_route=\/wp\/v2\/posts"}],"about":[{"href":"https:\/\/sven-ove.nu\/index.php?rest_route=\/wp\/v2\/types\/post"}],"author":[{"embeddable":true,"href":"https:\/\/sven-ove.nu\/index.php?rest_route=\/wp\/v2\/users\/1"}],"replies":[{"embeddable":true,"href":"https:\/\/sven-ove.nu\/index.php?rest_route=%2Fwp%2Fv2%2Fcomments&post=10173"}],"version-history":[{"count":3,"href":"https:\/\/sven-ove.nu\/index.php?rest_route=\/wp\/v2\/posts\/10173\/revisions"}],"predecessor-version":[{"id":10177,"href":"https:\/\/sven-ove.nu\/index.php?rest_route=\/wp\/v2\/posts\/10173\/revisions\/10177"}],"wp:attachment":[{"href":"https:\/\/sven-ove.nu\/index.php?rest_route=%2Fwp%2Fv2%2Fmedia&parent=10173"}],"wp:term":[{"taxonomy":"category","embeddable":true,"href":"https:\/\/sven-ove.nu\/index.php?rest_route=%2Fwp%2Fv2%2Fcategories&post=10173"},{"taxonomy":"post_tag","embeddable":true,"href":"https:\/\/sven-ove.nu\/index.php?rest_route=%2Fwp%2Fv2%2Ftags&post=10173"}],"curies":[{"name":"wp","href":"https:\/\/api.w.org\/{rel}","templated":true}]}}