{"id":10178,"date":"2014-12-05T03:00:59","date_gmt":"2014-12-05T02:00:59","guid":{"rendered":"http:\/\/sven-ove.nu\/?p=10178"},"modified":"2014-12-04T17:09:43","modified_gmt":"2014-12-04T16:09:43","slug":"frisk-vind-eller-avloppsror","status":"publish","type":"post","link":"https:\/\/sven-ove.nu\/?p=10178","title":{"rendered":"Frisk vind eller avloppsr\u00f6r"},"content":{"rendered":"<p><a href=\"https:\/\/sven-ove.nu\/wp-content\/uploads\/2014\/12\/SAM_1440.jpg\"><img loading=\"lazy\" decoding=\"async\" class=\"size-large wp-image-10181 alignleft\" src=\"https:\/\/sven-ove.nu\/wp-content\/uploads\/2014\/12\/SAM_1440-1024x768.jpg\" alt=\"SAM_1440\" width=\"640\" height=\"480\" srcset=\"https:\/\/sven-ove.nu\/wp-content\/uploads\/2014\/12\/SAM_1440-1024x768.jpg 1024w, https:\/\/sven-ove.nu\/wp-content\/uploads\/2014\/12\/SAM_1440-300x225.jpg 300w\" sizes=\"auto, (max-width: 640px) 100vw, 640px\" \/><\/a><\/p>\n<p>En g\u00e5ng skulle jag f\u00f6rel\u00e4sa vid en kurs i kulturjournalistik. Vad \u00e4r kultur? fr\u00e5gade jag mig sj\u00e4lv och gick till ordboken. Ordet l\u00e5g mitt emellan kultje och kulvert. Frisk vind eller avloppsr\u00f6r, det valet var l\u00e4tt.<\/p>\n<p>Nu surrar luften av nyvalsprat. Heter det extraval eller extra val? Ingen tidning skriver lika men valmyndigheten drar is\u00e4r det och den b\u00f6r ju veta. Egentligen ska \u201dextra val\u201d uttalas med luft mitt i, antar jag, fast det l\u00e5ter fyrkantigt.<\/p>\n<p>Det borde heta nyval, som alla t\u00e4nker, men det \u00e4r en annan sak.<\/p>\n<p>Jag g\u00e5r till ordboken f\u00f6r att f\u00e5 v\u00e4gledning igen. Hur ska jag se p\u00e5 valet den 22 mars? Boken ger genast besked. Ordet <strong>extra<\/strong> ligger mitt emellan extas och extrakt. H\u00e4nf\u00f6relse eller n\u00e5got utdraget? Det valet \u00e4r lika enkelt.<\/p>\n<p>En m\u00e5nads extas tack.<\/p>\n","protected":false},"excerpt":{"rendered":"<p>En g\u00e5ng skulle jag f\u00f6rel\u00e4sa vid en kurs i kulturjournalistik. Vad \u00e4r kultur? fr\u00e5gade jag mig sj\u00e4lv och gick till ordboken. Ordet l\u00e5g mitt emellan kultje och kulvert. Frisk vind eller avloppsr\u00f6r, det valet var l\u00e4tt. Nu surrar luften av nyvalsprat. Heter det extraval eller extra val? Ingen tidning skriver lika men valmyndigheten drar is\u00e4r &hellip; <a href=\"https:\/\/sven-ove.nu\/?p=10178\" class=\"more-link\">Forts\u00e4tt l\u00e4sa <span class=\"screen-reader-text\">Frisk vind eller avloppsr\u00f6r<\/span><\/a><\/p>\n","protected":false},"author":1,"featured_media":0,"comment_status":"open","ping_status":"open","sticky":false,"template":"","format":"standard","meta":{"_crdt_document":"","_monsterinsights_skip_tracking":false,"_monsterinsights_sitenote_active":false,"_monsterinsights_sitenote_note":"","_monsterinsights_sitenote_category":0,"footnotes":""},"categories":[9,4],"tags":[24,14,21],"class_list":["post-10178","post","type-post","status-publish","format-standard","hentry","category-politik","category-skrivande","tag-karlek","tag-lasning","tag-ord"],"_links":{"self":[{"href":"https:\/\/sven-ove.nu\/index.php?rest_route=\/wp\/v2\/posts\/10178","targetHints":{"allow":["GET"]}}],"collection":[{"href":"https:\/\/sven-ove.nu\/index.php?rest_route=\/wp\/v2\/posts"}],"about":[{"href":"https:\/\/sven-ove.nu\/index.php?rest_route=\/wp\/v2\/types\/post"}],"author":[{"embeddable":true,"href":"https:\/\/sven-ove.nu\/index.php?rest_route=\/wp\/v2\/users\/1"}],"replies":[{"embeddable":true,"href":"https:\/\/sven-ove.nu\/index.php?rest_route=%2Fwp%2Fv2%2Fcomments&post=10178"}],"version-history":[{"count":4,"href":"https:\/\/sven-ove.nu\/index.php?rest_route=\/wp\/v2\/posts\/10178\/revisions"}],"predecessor-version":[{"id":10183,"href":"https:\/\/sven-ove.nu\/index.php?rest_route=\/wp\/v2\/posts\/10178\/revisions\/10183"}],"wp:attachment":[{"href":"https:\/\/sven-ove.nu\/index.php?rest_route=%2Fwp%2Fv2%2Fmedia&parent=10178"}],"wp:term":[{"taxonomy":"category","embeddable":true,"href":"https:\/\/sven-ove.nu\/index.php?rest_route=%2Fwp%2Fv2%2Fcategories&post=10178"},{"taxonomy":"post_tag","embeddable":true,"href":"https:\/\/sven-ove.nu\/index.php?rest_route=%2Fwp%2Fv2%2Ftags&post=10178"}],"curies":[{"name":"wp","href":"https:\/\/api.w.org\/{rel}","templated":true}]}}