{"id":10201,"date":"2014-12-10T03:00:50","date_gmt":"2014-12-10T02:00:50","guid":{"rendered":"http:\/\/sven-ove.nu\/?p=10201"},"modified":"2014-12-10T06:38:31","modified_gmt":"2014-12-10T05:38:31","slug":"december-i-landets-186e-storsta-tatort","status":"publish","type":"post","link":"https:\/\/sven-ove.nu\/?p=10201","title":{"rendered":"December i landets 186:e st\u00f6rsta t\u00e4tort"},"content":{"rendered":"<p><a href=\"https:\/\/sven-ove.nu\/wp-content\/uploads\/2014\/12\/Himmel.jpg\"><img loading=\"lazy\" decoding=\"async\" class=\"alignright size-large wp-image-10205\" src=\"https:\/\/sven-ove.nu\/wp-content\/uploads\/2014\/12\/Himmel-1024x353.jpg\" alt=\"Himmel\" width=\"640\" height=\"220\" srcset=\"https:\/\/sven-ove.nu\/wp-content\/uploads\/2014\/12\/Himmel-1024x353.jpg 1024w, https:\/\/sven-ove.nu\/wp-content\/uploads\/2014\/12\/Himmel-300x103.jpg 300w, https:\/\/sven-ove.nu\/wp-content\/uploads\/2014\/12\/Himmel.jpg 1627w\" sizes=\"auto, (max-width: 640px) 100vw, 640px\" \/><\/a><\/p>\n<p style=\"text-align: right;\">\u00a0<em>Nytt p\u00e5 sidan <a href=\"https:\/\/sven-ove.nu\/?page_id=115\">Sanningen<\/a>: nyvalsdikt av Viktor Root.<\/em><\/p>\n<p><strong>Tisdag<br \/>\n<\/strong>Gnistrande morgon med bl\u00e5gr\u00f6n himmel, vit frost i gr\u00e4set och en asfalt som minns klappret av r\u00e5bocken jag m\u00f6tte i tr\u00e4dg\u00e5rden i g\u00e5r kv\u00e4ll. Ett tag var de fyra r\u00e5djur i v\u00e5rt omr\u00e5de, \u00e4r han ensam nu?<\/p>\n<p>L\u00e5ngsamt b\u00f6rjar en varmare f\u00e4rg v\u00e4xa vid horisonten. Jag sl\u00e4pper taget om himlen och g\u00e5r ner f\u00f6r att g\u00f6ra frukost. Fil och m\u00fcsli, sm\u00f6rg\u00e5s med halv skinkbit, apelsinjuice, blodtryckstablett, kaffe och <a href=\"http:\/\/www.vf.se\/asikter\/ledare\/sd-gar-inte-att-lita-pa\">ledaren<\/a> i v\u00e5r papperstidning. Han tycker att SD f\u00f6rst st\u00e4ller till kaos och sedan f\u00f6rs\u00f6ker smita ut bakv\u00e4gen.<\/p>\n<p>Blodtrycket i m\u00e5ndags var godk\u00e4nt, trots att det var f\u00f6rsta g\u00e5ngen med sj\u00e4lvbetj\u00e4ning. V\u00e5rt landsting har r\u00e4knat ut att jag ska m\u00e4ta trycket sj\u00e4lv i forts\u00e4ttningen. D\u00e4r satt jag i ett sjukrum p\u00e5 v\u00e5r v\u00e5rdcentral med apparat och instruktion. Kanske \u00e4r inte just blodtryckstagning det b\u00e4sta f\u00f6r ett landsting att outsourca till oroliga sj\u00e4lar? Hj\u00e4rtat klapprar det med.<\/p>\n<p>Nu st\u00e5r r\u00e5bocken och tittar in p\u00e5 mig i k\u00f6ket och snart vaknar pilfinkarna.<br \/>\nDet blir en bra dag det h\u00e4r. Sju grader kallt och arbetslust.<\/p>\n<p><strong>Onsdag<br \/>\n<a href=\"https:\/\/sven-ove.nu\/wp-content\/uploads\/2014\/12\/Rep-F.jpg\"><img loading=\"lazy\" decoding=\"async\" class=\"alignright size-full wp-image-10207\" src=\"https:\/\/sven-ove.nu\/wp-content\/uploads\/2014\/12\/Rep-F.jpg\" alt=\"Rep F\" width=\"160\" height=\"156\" \/><\/a><\/strong>Bl\u00e5ser s\u00e5 soptunnan v\u00e4lter. \u00c4r det n\u00e5\u2019t bra p\u00e5 tv i kv\u00e4ll? G\u00e4rna en stolt Nobelgala p\u00e5 offentlig lokal (jag \u00e4lskar att se litteraturpristagaren tala) men vore inte den h\u00e4r kv\u00e4llen ett fint tillf\u00e4lle att <a href=\"http:\/\/repf.se\">avs\u00e4tta kungahuset<\/a>? Strax efter varmr\u00e4tten.<\/p>\n<p>Tihi.<\/p>\n","protected":false},"excerpt":{"rendered":"<p>\u00a0Nytt p\u00e5 sidan Sanningen: nyvalsdikt av Viktor Root. Tisdag Gnistrande morgon med bl\u00e5gr\u00f6n himmel, vit frost i gr\u00e4set och en asfalt som minns klappret av r\u00e5bocken jag m\u00f6tte i tr\u00e4dg\u00e5rden i g\u00e5r kv\u00e4ll. Ett tag var de fyra r\u00e5djur i v\u00e5rt omr\u00e5de, \u00e4r han ensam nu? L\u00e5ngsamt b\u00f6rjar en varmare f\u00e4rg v\u00e4xa vid horisonten. Jag &hellip; <a href=\"https:\/\/sven-ove.nu\/?p=10201\" class=\"more-link\">Forts\u00e4tt l\u00e4sa <span class=\"screen-reader-text\">December i landets 186:e st\u00f6rsta t\u00e4tort<\/span><\/a><\/p>\n","protected":false},"author":1,"featured_media":0,"comment_status":"open","ping_status":"open","sticky":false,"template":"","format":"standard","meta":{"_crdt_document":"","_monsterinsights_skip_tracking":false,"_monsterinsights_sitenote_active":false,"_monsterinsights_sitenote_note":"","_monsterinsights_sitenote_category":0,"footnotes":""},"categories":[10,6,9,11],"tags":[15,7],"class_list":["post-10201","post","type-post","status-publish","format-standard","hentry","category-familjen","category-natur","category-politik","category-viktor-root","tag-mediedjungeln","tag-miljo"],"_links":{"self":[{"href":"https:\/\/sven-ove.nu\/index.php?rest_route=\/wp\/v2\/posts\/10201","targetHints":{"allow":["GET"]}}],"collection":[{"href":"https:\/\/sven-ove.nu\/index.php?rest_route=\/wp\/v2\/posts"}],"about":[{"href":"https:\/\/sven-ove.nu\/index.php?rest_route=\/wp\/v2\/types\/post"}],"author":[{"embeddable":true,"href":"https:\/\/sven-ove.nu\/index.php?rest_route=\/wp\/v2\/users\/1"}],"replies":[{"embeddable":true,"href":"https:\/\/sven-ove.nu\/index.php?rest_route=%2Fwp%2Fv2%2Fcomments&post=10201"}],"version-history":[{"count":9,"href":"https:\/\/sven-ove.nu\/index.php?rest_route=\/wp\/v2\/posts\/10201\/revisions"}],"predecessor-version":[{"id":10216,"href":"https:\/\/sven-ove.nu\/index.php?rest_route=\/wp\/v2\/posts\/10201\/revisions\/10216"}],"wp:attachment":[{"href":"https:\/\/sven-ove.nu\/index.php?rest_route=%2Fwp%2Fv2%2Fmedia&parent=10201"}],"wp:term":[{"taxonomy":"category","embeddable":true,"href":"https:\/\/sven-ove.nu\/index.php?rest_route=%2Fwp%2Fv2%2Fcategories&post=10201"},{"taxonomy":"post_tag","embeddable":true,"href":"https:\/\/sven-ove.nu\/index.php?rest_route=%2Fwp%2Fv2%2Ftags&post=10201"}],"curies":[{"name":"wp","href":"https:\/\/api.w.org\/{rel}","templated":true}]}}