{"id":10217,"date":"2014-12-11T03:00:25","date_gmt":"2014-12-11T02:00:25","guid":{"rendered":"http:\/\/sven-ove.nu\/?p=10217"},"modified":"2015-04-26T22:48:52","modified_gmt":"2015-04-26T21:48:52","slug":"bra-nara-batra","status":"publish","type":"post","link":"https:\/\/sven-ove.nu\/?p=10217","title":{"rendered":"Bra n\u00e4ra Batra"},"content":{"rendered":"<p><a href=\"https:\/\/sven-ove.nu\/wp-content\/uploads\/2014\/12\/Bl\u00e5tt-ljus-lampa.jpg\"><img loading=\"lazy\" decoding=\"async\" class=\"alignright size-medium wp-image-10219\" src=\"https:\/\/sven-ove.nu\/wp-content\/uploads\/2014\/12\/Bl\u00e5tt-ljus-lampa-214x300.jpg\" alt=\"Bl\u00e5tt ljus lampa\" width=\"214\" height=\"300\" srcset=\"https:\/\/sven-ove.nu\/wp-content\/uploads\/2014\/12\/Bl\u00e5tt-ljus-lampa-214x300.jpg 214w, https:\/\/sven-ove.nu\/wp-content\/uploads\/2014\/12\/Bl\u00e5tt-ljus-lampa-732x1024.jpg 732w, https:\/\/sven-ove.nu\/wp-content\/uploads\/2014\/12\/Bl\u00e5tt-ljus-lampa.jpg 1477w\" sizes=\"auto, (max-width: 214px) 100vw, 214px\" \/><\/a><\/p>\n<p><strong>Har du tr\u00e4ffat henne personligt?<\/strong><br \/>\n&#8211; Nej det har jag inte, bara st\u00e5tt cirka 10 meter ifr\u00e5n henne n\u00e5gon g\u00e5ng.<\/p>\n<p>Moderaternas l\u00e4nsordf\u00f6rande i V\u00e4rmland, Hans Eriksson, kommenterar f\u00f6rslaget till ny partiordf\u00f6rande i V\u00e4rmlands Folkblad.<\/p>\n<p>&nbsp;<\/p>\n","protected":false},"excerpt":{"rendered":"<p>Har du tr\u00e4ffat henne personligt? &#8211; Nej det har jag inte, bara st\u00e5tt cirka 10 meter ifr\u00e5n henne n\u00e5gon g\u00e5ng. Moderaternas l\u00e4nsordf\u00f6rande i V\u00e4rmland, Hans Eriksson, kommenterar f\u00f6rslaget till ny partiordf\u00f6rande i V\u00e4rmlands Folkblad. &nbsp;<\/p>\n","protected":false},"author":1,"featured_media":0,"comment_status":"open","ping_status":"open","sticky":false,"template":"","format":"standard","meta":{"_crdt_document":"","_monsterinsights_skip_tracking":false,"_monsterinsights_sitenote_active":false,"_monsterinsights_sitenote_note":"","_monsterinsights_sitenote_category":0,"footnotes":""},"categories":[28,9],"tags":[15],"class_list":["post-10217","post","type-post","status-publish","format-standard","hentry","category-kreativt-folk","category-politik","tag-mediedjungeln"],"_links":{"self":[{"href":"https:\/\/sven-ove.nu\/index.php?rest_route=\/wp\/v2\/posts\/10217","targetHints":{"allow":["GET"]}}],"collection":[{"href":"https:\/\/sven-ove.nu\/index.php?rest_route=\/wp\/v2\/posts"}],"about":[{"href":"https:\/\/sven-ove.nu\/index.php?rest_route=\/wp\/v2\/types\/post"}],"author":[{"embeddable":true,"href":"https:\/\/sven-ove.nu\/index.php?rest_route=\/wp\/v2\/users\/1"}],"replies":[{"embeddable":true,"href":"https:\/\/sven-ove.nu\/index.php?rest_route=%2Fwp%2Fv2%2Fcomments&post=10217"}],"version-history":[{"count":4,"href":"https:\/\/sven-ove.nu\/index.php?rest_route=\/wp\/v2\/posts\/10217\/revisions"}],"predecessor-version":[{"id":10222,"href":"https:\/\/sven-ove.nu\/index.php?rest_route=\/wp\/v2\/posts\/10217\/revisions\/10222"}],"wp:attachment":[{"href":"https:\/\/sven-ove.nu\/index.php?rest_route=%2Fwp%2Fv2%2Fmedia&parent=10217"}],"wp:term":[{"taxonomy":"category","embeddable":true,"href":"https:\/\/sven-ove.nu\/index.php?rest_route=%2Fwp%2Fv2%2Fcategories&post=10217"},{"taxonomy":"post_tag","embeddable":true,"href":"https:\/\/sven-ove.nu\/index.php?rest_route=%2Fwp%2Fv2%2Ftags&post=10217"}],"curies":[{"name":"wp","href":"https:\/\/api.w.org\/{rel}","templated":true}]}}