{"id":10225,"date":"2014-12-12T03:00:28","date_gmt":"2014-12-12T02:00:28","guid":{"rendered":"http:\/\/sven-ove.nu\/?p=10225"},"modified":"2014-12-12T05:57:27","modified_gmt":"2014-12-12T04:57:27","slug":"parallella-paradis","status":"publish","type":"post","link":"https:\/\/sven-ove.nu\/?p=10225","title":{"rendered":"Parallella paradis"},"content":{"rendered":"<p><a href=\"https:\/\/sven-ove.nu\/wp-content\/uploads\/2014\/12\/D\u00f6d-f\u00e5gel.jpg\"><img loading=\"lazy\" decoding=\"async\" class=\"alignright size-large wp-image-10229\" src=\"https:\/\/sven-ove.nu\/wp-content\/uploads\/2014\/12\/D\u00f6d-f\u00e5gel-1024x768.jpg\" alt=\"D\u00f6d f\u00e5gel\" width=\"640\" height=\"480\" srcset=\"https:\/\/sven-ove.nu\/wp-content\/uploads\/2014\/12\/D\u00f6d-f\u00e5gel-1024x768.jpg 1024w, https:\/\/sven-ove.nu\/wp-content\/uploads\/2014\/12\/D\u00f6d-f\u00e5gel-300x225.jpg 300w, https:\/\/sven-ove.nu\/wp-content\/uploads\/2014\/12\/D\u00f6d-f\u00e5gel.jpg 1632w\" sizes=\"auto, (max-width: 640px) 100vw, 640px\" \/><\/a><\/p>\n<p>Hur ska papperstidningen kunna \u00f6verleva? L\u00e4tt blir det inte, aff\u00e4rsid\u00e9n att l\u00e5ta oss l\u00e4sare v\u00e4lja mellan att f\u00e5 dagens nyhet gratis p\u00e5 sk\u00e4rmen i dag eller mot betalning i brevl\u00e5dan i morgon var inte s\u00e5 smart. Fast den efterklokheten r\u00e4ddar inte demokratin, folkupplysningen och det gemensamma samtalet.<\/p>\n<p>Jag har ingen snabb l\u00f6sning. Samh\u00e4llet \u00e4r redan kraftigt uppdelat, klyftorna sk\u00e4r djupt genom Sverige.<\/p>\n<p><strong>Den ekonomiska klyftan.<\/strong> Har pengarna n\u00e5gonsin varit mer oj\u00e4mnt f\u00f6rdelade? <strong>Utbildningsklyftan.<\/strong> \u00c5k till vilken bruksort som helst, tjejerna far till stan och pluggar, killarna stannar hemma och k\u00f6r bil med bra h\u00f6gtalare i. De utbildades barn l\u00e4ser vidare, de andra inte.<br \/>\n<strong>Den politiska klyftan.<\/strong> Solidaritet mot egoism. G\u00e4stfrihet mot fr\u00e4mlingsr\u00e4dsla. Utj\u00e4mning mot koncentration. Land mot stad. Folkflertal mot elit.<\/p>\n<p><a href=\"https:\/\/sven-ove.nu\/wp-content\/uploads\/2014\/12\/Snart.jpg\"><img loading=\"lazy\" decoding=\"async\" class=\"size-thumbnail wp-image-10230 alignright\" src=\"https:\/\/sven-ove.nu\/wp-content\/uploads\/2014\/12\/Snart-150x150.jpg\" alt=\"Snart\" width=\"150\" height=\"150\" \/><\/a>H\u00e4rom veckan var jag p\u00e5 seminarium. Vi svenskar lever i parallella paradis, var det en av talarna som sa, aprop\u00e5 hur vi konsumerar massmedier \u00e5r 2014. En klok formulering. Klok och f\u00f6rf\u00e4rande. Nyhetss\u00f6karna tar fler och fler kanaler till hj\u00e4lp f\u00f6r att h\u00e4nga med i politik och samh\u00e4lle. Nyhetsundvikarna tar fler och fler kanaler till hj\u00e4lp f\u00f6r att hitta sin dagliga f\u00f6rdumning.<\/p>\n<p>B\u00e5da lika lyckliga.<br \/>\nUnder tiden spricker landet vi bor i.<\/p>\n","protected":false},"excerpt":{"rendered":"<p>Hur ska papperstidningen kunna \u00f6verleva? L\u00e4tt blir det inte, aff\u00e4rsid\u00e9n att l\u00e5ta oss l\u00e4sare v\u00e4lja mellan att f\u00e5 dagens nyhet gratis p\u00e5 sk\u00e4rmen i dag eller mot betalning i brevl\u00e5dan i morgon var inte s\u00e5 smart. Fast den efterklokheten r\u00e4ddar inte demokratin, folkupplysningen och det gemensamma samtalet. Jag har ingen snabb l\u00f6sning. Samh\u00e4llet \u00e4r redan &hellip; <a href=\"https:\/\/sven-ove.nu\/?p=10225\" class=\"more-link\">Forts\u00e4tt l\u00e4sa <span class=\"screen-reader-text\">Parallella paradis<\/span><\/a><\/p>\n","protected":false},"author":1,"featured_media":0,"comment_status":"open","ping_status":"open","sticky":false,"template":"","format":"standard","meta":{"_crdt_document":"","_monsterinsights_skip_tracking":false,"_monsterinsights_sitenote_active":false,"_monsterinsights_sitenote_note":"","_monsterinsights_sitenote_category":0,"footnotes":""},"categories":[9,4],"tags":[16,14,15],"class_list":["post-10225","post","type-post","status-publish","format-standard","hentry","category-politik","category-skrivande","tag-dumheter","tag-lasning","tag-mediedjungeln"],"_links":{"self":[{"href":"https:\/\/sven-ove.nu\/index.php?rest_route=\/wp\/v2\/posts\/10225","targetHints":{"allow":["GET"]}}],"collection":[{"href":"https:\/\/sven-ove.nu\/index.php?rest_route=\/wp\/v2\/posts"}],"about":[{"href":"https:\/\/sven-ove.nu\/index.php?rest_route=\/wp\/v2\/types\/post"}],"author":[{"embeddable":true,"href":"https:\/\/sven-ove.nu\/index.php?rest_route=\/wp\/v2\/users\/1"}],"replies":[{"embeddable":true,"href":"https:\/\/sven-ove.nu\/index.php?rest_route=%2Fwp%2Fv2%2Fcomments&post=10225"}],"version-history":[{"count":6,"href":"https:\/\/sven-ove.nu\/index.php?rest_route=\/wp\/v2\/posts\/10225\/revisions"}],"predecessor-version":[{"id":10239,"href":"https:\/\/sven-ove.nu\/index.php?rest_route=\/wp\/v2\/posts\/10225\/revisions\/10239"}],"wp:attachment":[{"href":"https:\/\/sven-ove.nu\/index.php?rest_route=%2Fwp%2Fv2%2Fmedia&parent=10225"}],"wp:term":[{"taxonomy":"category","embeddable":true,"href":"https:\/\/sven-ove.nu\/index.php?rest_route=%2Fwp%2Fv2%2Fcategories&post=10225"},{"taxonomy":"post_tag","embeddable":true,"href":"https:\/\/sven-ove.nu\/index.php?rest_route=%2Fwp%2Fv2%2Ftags&post=10225"}],"curies":[{"name":"wp","href":"https:\/\/api.w.org\/{rel}","templated":true}]}}