{"id":10246,"date":"2014-12-18T03:00:30","date_gmt":"2014-12-18T02:00:30","guid":{"rendered":"http:\/\/sven-ove.nu\/?p=10246"},"modified":"2014-12-16T09:25:50","modified_gmt":"2014-12-16T08:25:50","slug":"tre-avskyvarda","status":"publish","type":"post","link":"https:\/\/sven-ove.nu\/?p=10246","title":{"rendered":"Tre avskyv\u00e4rda"},"content":{"rendered":"<p>Avsky uttrycket \u201d<strong>som bekant<\/strong>\u201d. Det \u00e4r den malliges s\u00e4tt att trycka ner alla andra, vi som inte vet allt han vet.<\/p>\n<p>Avsky uttrycket \u201d<strong>fr\u00e4ck st\u00f6ld<\/strong>\u201d. Det \u00e4r bara tjyvar som tror att vissa st\u00f6lder inte \u00e4r fr\u00e4cka.<\/p>\n<p><a href=\"https:\/\/sven-ove.nu\/wp-content\/uploads\/2014\/09\/R\u00f6tt-kort.jpg\"><img loading=\"lazy\" decoding=\"async\" class=\"alignright size-thumbnail wp-image-9566\" src=\"https:\/\/sven-ove.nu\/wp-content\/uploads\/2014\/09\/R\u00f6tt-kort-150x150.jpg\" alt=\"R\u00f6tt kort\" width=\"150\" height=\"150\" \/><\/a>Avsky uttrycket \u201d<strong>ett litet meddelande<\/strong>\u201d. Jag h\u00f6rde det f\u00f6rsta g\u00e5ngen i h\u00f6gtalare p\u00e5 ett stort ungdomsl\u00e4ger i \u00c5dalen 1976 och har ogillat det varje dag sedan dess. Vi vill inte ha sm\u00e5 meddelanden. Vi vill ha stora.<\/p>\n<p>Annars kan det kvitta.<\/p>\n","protected":false},"excerpt":{"rendered":"<p>Avsky uttrycket \u201dsom bekant\u201d. Det \u00e4r den malliges s\u00e4tt att trycka ner alla andra, vi som inte vet allt han vet. Avsky uttrycket \u201dfr\u00e4ck st\u00f6ld\u201d. Det \u00e4r bara tjyvar som tror att vissa st\u00f6lder inte \u00e4r fr\u00e4cka. Avsky uttrycket \u201dett litet meddelande\u201d. Jag h\u00f6rde det f\u00f6rsta g\u00e5ngen i h\u00f6gtalare p\u00e5 ett stort ungdomsl\u00e4ger i \u00c5dalen &hellip; <a href=\"https:\/\/sven-ove.nu\/?p=10246\" class=\"more-link\">Forts\u00e4tt l\u00e4sa <span class=\"screen-reader-text\">Tre avskyv\u00e4rda<\/span><\/a><\/p>\n","protected":false},"author":1,"featured_media":0,"comment_status":"open","ping_status":"open","sticky":false,"template":"","format":"standard","meta":{"_crdt_document":"","_monsterinsights_skip_tracking":false,"_monsterinsights_sitenote_active":false,"_monsterinsights_sitenote_note":"","_monsterinsights_sitenote_category":0,"footnotes":""},"categories":[4],"tags":[16,18,21,13],"class_list":["post-10246","post","type-post","status-publish","format-standard","hentry","category-skrivande","tag-dumheter","tag-lardomar","tag-ord","tag-utrustning"],"_links":{"self":[{"href":"https:\/\/sven-ove.nu\/index.php?rest_route=\/wp\/v2\/posts\/10246","targetHints":{"allow":["GET"]}}],"collection":[{"href":"https:\/\/sven-ove.nu\/index.php?rest_route=\/wp\/v2\/posts"}],"about":[{"href":"https:\/\/sven-ove.nu\/index.php?rest_route=\/wp\/v2\/types\/post"}],"author":[{"embeddable":true,"href":"https:\/\/sven-ove.nu\/index.php?rest_route=\/wp\/v2\/users\/1"}],"replies":[{"embeddable":true,"href":"https:\/\/sven-ove.nu\/index.php?rest_route=%2Fwp%2Fv2%2Fcomments&post=10246"}],"version-history":[{"count":3,"href":"https:\/\/sven-ove.nu\/index.php?rest_route=\/wp\/v2\/posts\/10246\/revisions"}],"predecessor-version":[{"id":10249,"href":"https:\/\/sven-ove.nu\/index.php?rest_route=\/wp\/v2\/posts\/10246\/revisions\/10249"}],"wp:attachment":[{"href":"https:\/\/sven-ove.nu\/index.php?rest_route=%2Fwp%2Fv2%2Fmedia&parent=10246"}],"wp:term":[{"taxonomy":"category","embeddable":true,"href":"https:\/\/sven-ove.nu\/index.php?rest_route=%2Fwp%2Fv2%2Fcategories&post=10246"},{"taxonomy":"post_tag","embeddable":true,"href":"https:\/\/sven-ove.nu\/index.php?rest_route=%2Fwp%2Fv2%2Ftags&post=10246"}],"curies":[{"name":"wp","href":"https:\/\/api.w.org\/{rel}","templated":true}]}}