{"id":10250,"date":"2014-12-22T03:00:10","date_gmt":"2014-12-22T02:00:10","guid":{"rendered":"http:\/\/sven-ove.nu\/?p=10250"},"modified":"2014-12-22T16:30:25","modified_gmt":"2014-12-22T15:30:25","slug":"stangt-pa-grund-av-midvinterblot","status":"publish","type":"post","link":"https:\/\/sven-ove.nu\/?p=10250","title":{"rendered":"St\u00e4ngt p\u00e5 grund av midvinterblot"},"content":{"rendered":"<p><a href=\"https:\/\/sven-ove.nu\/wp-content\/uploads\/2014\/12\/Festligt.jpg\"><img loading=\"lazy\" decoding=\"async\" class=\"alignright size-full wp-image-10252\" src=\"https:\/\/sven-ove.nu\/wp-content\/uploads\/2014\/12\/Festligt.jpg\" alt=\"Festligt\" width=\"800\" height=\"406\" srcset=\"https:\/\/sven-ove.nu\/wp-content\/uploads\/2014\/12\/Festligt.jpg 800w, https:\/\/sven-ove.nu\/wp-content\/uploads\/2014\/12\/Festligt-300x152.jpg 300w\" sizes=\"auto, (max-width: 800px) 100vw, 800px\" \/><\/a><\/p>\n<p>St\u00e4ngt ett tag p\u00e5 grund av den fornnordiska seden att fira midvinterblot, den tyskschweiziskfranska att ta in ett tr\u00e4d och h\u00e4nga glittrande f\u00f6rem\u00e5l i det, den turkiska att kl\u00e4 ut en l\u00e4mplig vuxen till tjock gubbe med sk\u00e4gg och den urgamla svenska att titta p\u00e5 en arg tecknad amerikansk sj\u00f6mansanka utan kl\u00e4der p\u00e5 underkroppen. V\u00e4nta, det var en lycklig nedkomst i Nasaret ocks\u00e5.<\/p>\n<p>Kulturen vet inga gr\u00e4nser.<\/p>\n<p style=\"padding-left: 30px;\"><strong><a href=\"https:\/\/sven-ove.nu\/wp-content\/uploads\/2014\/12\/Eld.jpg\"><img loading=\"lazy\" decoding=\"async\" class=\"alignright size-thumbnail wp-image-10257\" src=\"https:\/\/sven-ove.nu\/wp-content\/uploads\/2014\/12\/Eld-150x150.jpg\" alt=\"Eld\" width=\"150\" height=\"150\" srcset=\"https:\/\/sven-ove.nu\/wp-content\/uploads\/2014\/12\/Eld-150x150.jpg 150w, https:\/\/sven-ove.nu\/wp-content\/uploads\/2014\/12\/Eld-199x198.jpg 199w\" sizes=\"auto, (max-width: 150px) 100vw, 150px\" \/><\/a>God Jul eller vad du kallar midvinterfesten. \u00c4t mycket gr\u00f6t. Prata med riktiga m\u00e4nniskor.\u00a0<\/strong><strong>Tid \u00e4r en vacker g\u00e5va.<\/strong><\/p>\n<p>Snart \u00e4r det \u2026 asch, d\u00e4 kvetter.<\/p>\n","protected":false},"excerpt":{"rendered":"<p>St\u00e4ngt ett tag p\u00e5 grund av den fornnordiska seden att fira midvinterblot, den tyskschweiziskfranska att ta in ett tr\u00e4d och h\u00e4nga glittrande f\u00f6rem\u00e5l i det, den turkiska att kl\u00e4 ut en l\u00e4mplig vuxen till tjock gubbe med sk\u00e4gg och den urgamla svenska att titta p\u00e5 en arg tecknad amerikansk sj\u00f6mansanka utan kl\u00e4der p\u00e5 underkroppen. V\u00e4nta, &hellip; <a href=\"https:\/\/sven-ove.nu\/?p=10250\" class=\"more-link\">Forts\u00e4tt l\u00e4sa <span class=\"screen-reader-text\">St\u00e4ngt p\u00e5 grund av midvinterblot<\/span><\/a><\/p>\n","protected":false},"author":1,"featured_media":0,"comment_status":"open","ping_status":"open","sticky":false,"template":"","format":"standard","meta":{"_crdt_document":"","_monsterinsights_skip_tracking":false,"_monsterinsights_sitenote_active":false,"_monsterinsights_sitenote_note":"","_monsterinsights_sitenote_category":0,"footnotes":""},"categories":[10],"tags":[8,24,13],"class_list":["post-10250","post","type-post","status-publish","format-standard","hentry","category-familjen","tag-historia","tag-karlek","tag-utrustning"],"_links":{"self":[{"href":"https:\/\/sven-ove.nu\/index.php?rest_route=\/wp\/v2\/posts\/10250","targetHints":{"allow":["GET"]}}],"collection":[{"href":"https:\/\/sven-ove.nu\/index.php?rest_route=\/wp\/v2\/posts"}],"about":[{"href":"https:\/\/sven-ove.nu\/index.php?rest_route=\/wp\/v2\/types\/post"}],"author":[{"embeddable":true,"href":"https:\/\/sven-ove.nu\/index.php?rest_route=\/wp\/v2\/users\/1"}],"replies":[{"embeddable":true,"href":"https:\/\/sven-ove.nu\/index.php?rest_route=%2Fwp%2Fv2%2Fcomments&post=10250"}],"version-history":[{"count":7,"href":"https:\/\/sven-ove.nu\/index.php?rest_route=\/wp\/v2\/posts\/10250\/revisions"}],"predecessor-version":[{"id":10298,"href":"https:\/\/sven-ove.nu\/index.php?rest_route=\/wp\/v2\/posts\/10250\/revisions\/10298"}],"wp:attachment":[{"href":"https:\/\/sven-ove.nu\/index.php?rest_route=%2Fwp%2Fv2%2Fmedia&parent=10250"}],"wp:term":[{"taxonomy":"category","embeddable":true,"href":"https:\/\/sven-ove.nu\/index.php?rest_route=%2Fwp%2Fv2%2Fcategories&post=10250"},{"taxonomy":"post_tag","embeddable":true,"href":"https:\/\/sven-ove.nu\/index.php?rest_route=%2Fwp%2Fv2%2Ftags&post=10250"}],"curies":[{"name":"wp","href":"https:\/\/api.w.org\/{rel}","templated":true}]}}