{"id":10259,"date":"2014-12-15T03:00:36","date_gmt":"2014-12-15T02:00:36","guid":{"rendered":"http:\/\/sven-ove.nu\/?p=10259"},"modified":"2014-12-15T09:13:08","modified_gmt":"2014-12-15T08:13:08","slug":"jasa-du-goran-du-gillar-moderater","status":"publish","type":"post","link":"https:\/\/sven-ove.nu\/?p=10259","title":{"rendered":"Jas\u00e5 du G\u00f6ran, du gillar moderater?"},"content":{"rendered":"<p><a href=\"https:\/\/sven-ove.nu\/wp-content\/uploads\/2014\/06\/Hus.jpg\"><img loading=\"lazy\" decoding=\"async\" class=\"alignright size-large wp-image-9075\" src=\"https:\/\/sven-ove.nu\/wp-content\/uploads\/2014\/06\/Hus-1024x337.jpg\" alt=\"Hus\" width=\"640\" height=\"210\" srcset=\"https:\/\/sven-ove.nu\/wp-content\/uploads\/2014\/06\/Hus-1024x337.jpg 1024w, https:\/\/sven-ove.nu\/wp-content\/uploads\/2014\/06\/Hus-300x98.jpg 300w, https:\/\/sven-ove.nu\/wp-content\/uploads\/2014\/06\/Hus.jpg 1236w\" sizes=\"auto, (max-width: 640px) 100vw, 640px\" \/><\/a><\/p>\n<p style=\"text-align: right;\"><em>Detta \u00e4r inte G\u00f6ran Perssons herrg\u00e5rd.<br \/>\nH\u00e4r \u00e4r egendomen knapp.<\/em><\/p>\n<p>G\u00f6ran Persson tycker att moderaterna har r\u00f6rt sig in mot mitten.<\/p>\n<p>Sj\u00e4lv d\u00e5 G\u00f6ran? Vad har du personligen f\u00f6r politisk kompass? Att det kom socialdemokratiska kommunalr\u00e5d gr\u00e5tande ut fr\u00e5n m\u00f6ten med dig \u00e4r ingen hemlighet. Inte att du hade f\u00f6r vana att peta folk i magen. Det fanns en orsak till \u00f6knamnet HSB. Han Som Best\u00e4mmer.<\/p>\n<p>Numera best\u00e4mmer inte du, f\u00f6rst\u00e5r du G\u00f6ran. Vi har inte velat s\u00e4ga n\u00e5got till dig, men s\u00e5 \u00e4r det. Till och med dina kor best\u00e4mmer sin dygnsrytm sj\u00e4lva. Alla som bygger herrg\u00e5rdar f\u00f6r m\u00e5nga miljoner \u00e4r inte sm\u00e5folk, ska du veta. Det finns fullt med m\u00e4nniskor som inte tycker det.<\/p>\n<p>Jas\u00e5 du G\u00f6ran, du gillar moderater? H\u00f6gavl\u00f6nat folk i Stockholmstrakten brukar gilla s\u00e5dana. Vi har inte velat s\u00e4ga n\u00e5got till dig, men det finns en annan bild ocks\u00e5. Sverige \u00e4r fullt av folk som kan ber\u00e4tta vilka medm\u00e4nniskor den moderata politiken i praktiken gett sig p\u00e5. De utf\u00f6rs\u00e4krade som inte f\u00e5r sin sjukers\u00e4ttning l\u00e4ngre. De l\u00e5ngtidsarbetsl\u00f6sa som inte f\u00e5r sin a-kassa l\u00e4ngre. De pensionerade som tvingas betala h\u00f6gre skatt \u00e4n oss med l\u00f6n.<\/p>\n<p>Kulturen ska vi bara inte prata p\u00e5.<\/p>\n<p>Jas\u00e5 du tycker moderaterna r\u00f6rt sig in mot mitten. Tack, d\u00e5 vet vi.<br \/>\nD\u00e5 vill vi aldrig dit.<\/p>\n","protected":false},"excerpt":{"rendered":"<p>Detta \u00e4r inte G\u00f6ran Perssons herrg\u00e5rd. H\u00e4r \u00e4r egendomen knapp. G\u00f6ran Persson tycker att moderaterna har r\u00f6rt sig in mot mitten. Sj\u00e4lv d\u00e5 G\u00f6ran? Vad har du personligen f\u00f6r politisk kompass? Att det kom socialdemokratiska kommunalr\u00e5d gr\u00e5tande ut fr\u00e5n m\u00f6ten med dig \u00e4r ingen hemlighet. Inte att du hade f\u00f6r vana att peta folk i &hellip; <a href=\"https:\/\/sven-ove.nu\/?p=10259\" class=\"more-link\">Forts\u00e4tt l\u00e4sa <span class=\"screen-reader-text\">Jas\u00e5 du G\u00f6ran, du gillar moderater?<\/span><\/a><\/p>\n","protected":false},"author":1,"featured_media":0,"comment_status":"open","ping_status":"open","sticky":false,"template":"","format":"standard","meta":{"_crdt_document":"","_monsterinsights_skip_tracking":false,"_monsterinsights_sitenote_active":false,"_monsterinsights_sitenote_note":"","_monsterinsights_sitenote_category":0,"footnotes":""},"categories":[9],"tags":[16,18,20],"class_list":["post-10259","post","type-post","status-publish","format-standard","hentry","category-politik","tag-dumheter","tag-lardomar","tag-rad"],"_links":{"self":[{"href":"https:\/\/sven-ove.nu\/index.php?rest_route=\/wp\/v2\/posts\/10259","targetHints":{"allow":["GET"]}}],"collection":[{"href":"https:\/\/sven-ove.nu\/index.php?rest_route=\/wp\/v2\/posts"}],"about":[{"href":"https:\/\/sven-ove.nu\/index.php?rest_route=\/wp\/v2\/types\/post"}],"author":[{"embeddable":true,"href":"https:\/\/sven-ove.nu\/index.php?rest_route=\/wp\/v2\/users\/1"}],"replies":[{"embeddable":true,"href":"https:\/\/sven-ove.nu\/index.php?rest_route=%2Fwp%2Fv2%2Fcomments&post=10259"}],"version-history":[{"count":8,"href":"https:\/\/sven-ove.nu\/index.php?rest_route=\/wp\/v2\/posts\/10259\/revisions"}],"predecessor-version":[{"id":10267,"href":"https:\/\/sven-ove.nu\/index.php?rest_route=\/wp\/v2\/posts\/10259\/revisions\/10267"}],"wp:attachment":[{"href":"https:\/\/sven-ove.nu\/index.php?rest_route=%2Fwp%2Fv2%2Fmedia&parent=10259"}],"wp:term":[{"taxonomy":"category","embeddable":true,"href":"https:\/\/sven-ove.nu\/index.php?rest_route=%2Fwp%2Fv2%2Fcategories&post=10259"},{"taxonomy":"post_tag","embeddable":true,"href":"https:\/\/sven-ove.nu\/index.php?rest_route=%2Fwp%2Fv2%2Ftags&post=10259"}],"curies":[{"name":"wp","href":"https:\/\/api.w.org\/{rel}","templated":true}]}}