{"id":10268,"date":"2014-12-17T03:00:48","date_gmt":"2014-12-17T02:00:48","guid":{"rendered":"http:\/\/sven-ove.nu\/?p=10268"},"modified":"2014-12-16T23:11:37","modified_gmt":"2014-12-16T22:11:37","slug":"10268","status":"publish","type":"post","link":"https:\/\/sven-ove.nu\/?p=10268","title":{"rendered":"Den s\u00e5 kallade andre vice talmannen"},"content":{"rendered":"<p>Det kom ett mejl.<\/p>\n<p style=\"padding-left: 30px;\"><em>\u201dDitt skrivande om G\u00f6ran Persson var bra, mycket bra. Kan du ocks\u00e5 f\u00e5 ihop n\u00e5got vasst om SD S\u00f6der och hans idiotiska \u00e5sikter om andra m\u00e4nniskogrupper s\u00e5 stiger du \u00e4n mer i f\u00f6rfattaraktning. Jag h\u00f6rde hans r\u00f6st p\u00e5 Internet &#8211; typisk sk\u00e5nsk. Sk\u00e5ne tillh\u00f6rde Danmark fram till 1658. Allts\u00e5 borde v\u00e4l S\u00f6der vara dansk och lika mycket invandrare som samer m.fl. He-he!\u201d<\/em><\/p>\n<p><a href=\"https:\/\/sven-ove.nu\/wp-content\/uploads\/2014\/12\/Afrika.jpg\"><img loading=\"lazy\" decoding=\"async\" class=\"alignright size-medium wp-image-10271\" src=\"https:\/\/sven-ove.nu\/wp-content\/uploads\/2014\/12\/Afrika-262x300.jpg\" alt=\"Afrika\" width=\"262\" height=\"300\" srcset=\"https:\/\/sven-ove.nu\/wp-content\/uploads\/2014\/12\/Afrika-262x300.jpg 262w, https:\/\/sven-ove.nu\/wp-content\/uploads\/2014\/12\/Afrika-896x1024.jpg 896w, https:\/\/sven-ove.nu\/wp-content\/uploads\/2014\/12\/Afrika.jpg 1224w\" sizes=\"auto, (max-width: 262px) 100vw, 262px\" \/><\/a>Tack! Du har f\u00f6rst\u00e5s r\u00e4tt om det d\u00e4r sista, k\u00e4re mejlare. Varenda europ\u00e9 \u00e4r invandrare, vilket h\u00e5ll vi kom ifr\u00e5n h\u00f6rs redan p\u00e5 den s\u00e5 kallade andre vice talmannens efternamn. <a href=\"http:\/\/www.expressen.se\/sport\/borje-salmings-ilska-mot-sds-bjorn-soder\/\" target=\"_blank\">Bj\u00f6rn<\/a> <a href=\"https:\/\/www.youtube.com\/watch?v=oU0k3Z-N8zE\">S\u00f6der<\/a> h\u00e4rstammar fr\u00e5n <a href=\"http:\/\/www.uu.se\/press\/pressmeddelanden\/pressmeddelande-visning\/?id=1759&amp;area=3,5,8,10&amp;typ=pm&amp;na=&amp;lang=sv\">Afrika<\/a>, precis som vi andra.<\/p>\n<p>Den\u00a0s\u00e5 kallade andre vice talmannen har stor framg\u00e5ng med sitt livs projekt. Att sk\u00e4mma ut tv\u00e5 kontinenter, ett d\u00e4ggdjur och ett v\u00e4derstreck.<\/p>\n<p>Det s\u00f6derska fyrtalet.<\/p>\n","protected":false},"excerpt":{"rendered":"<p>Det kom ett mejl. \u201dDitt skrivande om G\u00f6ran Persson var bra, mycket bra. Kan du ocks\u00e5 f\u00e5 ihop n\u00e5got vasst om SD S\u00f6der och hans idiotiska \u00e5sikter om andra m\u00e4nniskogrupper s\u00e5 stiger du \u00e4n mer i f\u00f6rfattaraktning. Jag h\u00f6rde hans r\u00f6st p\u00e5 Internet &#8211; typisk sk\u00e5nsk. Sk\u00e5ne tillh\u00f6rde Danmark fram till 1658. Allts\u00e5 borde v\u00e4l &hellip; <a href=\"https:\/\/sven-ove.nu\/?p=10268\" class=\"more-link\">Forts\u00e4tt l\u00e4sa <span class=\"screen-reader-text\">Den s\u00e5 kallade andre vice talmannen<\/span><\/a><\/p>\n","protected":false},"author":1,"featured_media":0,"comment_status":"open","ping_status":"open","sticky":false,"template":"","format":"standard","meta":{"_crdt_document":"","_monsterinsights_skip_tracking":false,"_monsterinsights_sitenote_active":false,"_monsterinsights_sitenote_note":"","_monsterinsights_sitenote_category":0,"footnotes":""},"categories":[9,4],"tags":[16,8,25],"class_list":["post-10268","post","type-post","status-publish","format-standard","hentry","category-politik","category-skrivande","tag-dumheter","tag-historia","tag-kartan"],"_links":{"self":[{"href":"https:\/\/sven-ove.nu\/index.php?rest_route=\/wp\/v2\/posts\/10268","targetHints":{"allow":["GET"]}}],"collection":[{"href":"https:\/\/sven-ove.nu\/index.php?rest_route=\/wp\/v2\/posts"}],"about":[{"href":"https:\/\/sven-ove.nu\/index.php?rest_route=\/wp\/v2\/types\/post"}],"author":[{"embeddable":true,"href":"https:\/\/sven-ove.nu\/index.php?rest_route=\/wp\/v2\/users\/1"}],"replies":[{"embeddable":true,"href":"https:\/\/sven-ove.nu\/index.php?rest_route=%2Fwp%2Fv2%2Fcomments&post=10268"}],"version-history":[{"count":8,"href":"https:\/\/sven-ove.nu\/index.php?rest_route=\/wp\/v2\/posts\/10268\/revisions"}],"predecessor-version":[{"id":10277,"href":"https:\/\/sven-ove.nu\/index.php?rest_route=\/wp\/v2\/posts\/10268\/revisions\/10277"}],"wp:attachment":[{"href":"https:\/\/sven-ove.nu\/index.php?rest_route=%2Fwp%2Fv2%2Fmedia&parent=10268"}],"wp:term":[{"taxonomy":"category","embeddable":true,"href":"https:\/\/sven-ove.nu\/index.php?rest_route=%2Fwp%2Fv2%2Fcategories&post=10268"},{"taxonomy":"post_tag","embeddable":true,"href":"https:\/\/sven-ove.nu\/index.php?rest_route=%2Fwp%2Fv2%2Ftags&post=10268"}],"curies":[{"name":"wp","href":"https:\/\/api.w.org\/{rel}","templated":true}]}}