{"id":10281,"date":"2014-12-20T03:00:30","date_gmt":"2014-12-20T02:00:30","guid":{"rendered":"http:\/\/sven-ove.nu\/?p=10281"},"modified":"2014-12-19T17:30:41","modified_gmt":"2014-12-19T16:30:41","slug":"nar-jag-far-tid","status":"publish","type":"post","link":"https:\/\/sven-ove.nu\/?p=10281","title":{"rendered":"N\u00e4r jag f\u00e5r tid"},"content":{"rendered":"<p>N\u00e4r jag f\u00e5r tid ska jag g\u00e5 ut och k\u00e4nna hur det doftar sn\u00f6 i luften.<br \/>\nN\u00e4r jag f\u00e5r tid ska jag l\u00e4gga ut \u00e4ppelbitar p\u00e5 marken till koltrasten, det tycker han om.<br \/>\nN\u00e4r jag f\u00e5r tid ska jag l\u00e4sa en bok som handlar om en enda dag i juni 1904 i Dublin.<br \/>\nN\u00e4r jag f\u00e5r tid ska jag ringa en v\u00e4n.<br \/>\nN\u00e4r jag f\u00e5r tid ska jag g\u00e5 till gravarna och t\u00e4nka p\u00e5 dem som jag skrattat s\u00e5 mycket med.<br \/>\nN\u00e4r jag f\u00e5r tid ska jag t\u00e4nka tre kloka tankar som jag inte t\u00e4nkt f\u00f6rut.<br \/>\nN\u00e4r jag f\u00e5r tid ska jag h\u00f6ra en melodi som jag inte visste fanns.<br \/>\n<a href=\"https:\/\/sven-ove.nu\/wp-content\/uploads\/2014\/12\/Morgonhimmel.jpg\"><img loading=\"lazy\" decoding=\"async\" class=\"alignright size-medium wp-image-10284\" src=\"https:\/\/sven-ove.nu\/wp-content\/uploads\/2014\/12\/Morgonhimmel-116x300.jpg\" alt=\"Morgonhimmel\" width=\"116\" height=\"300\" srcset=\"https:\/\/sven-ove.nu\/wp-content\/uploads\/2014\/12\/Morgonhimmel-116x300.jpg 116w, https:\/\/sven-ove.nu\/wp-content\/uploads\/2014\/12\/Morgonhimmel-396x1024.jpg 396w, https:\/\/sven-ove.nu\/wp-content\/uploads\/2014\/12\/Morgonhimmel.jpg 631w\" sizes=\"auto, (max-width: 116px) 100vw, 116px\" \/><\/a>N\u00e4r jag f\u00e5r tid ska jag l\u00e4ra mig knyta skosn\u00f6rena s\u00e5 som andra m\u00e4nniskor g\u00f6r det.<br \/>\nN\u00e4r jag f\u00e5r tid ska jag rensa i l\u00e5dorna i garaget och sl\u00e4nga on\u00f6diga papper h\u00e4r inne med.<br \/>\nN\u00e4r jag f\u00e5r tid ska jag l\u00e4ra mig hur steglitsen l\u00e5ter och vad den vuxna myrlejonsl\u00e4ndan sysslar med p\u00e5 n\u00e4tterna.<br \/>\nN\u00e4r jag f\u00e5r tid ska jag skriva ett pappersbrev till en m\u00e4nniska och posta det i en l\u00e5da.<br \/>\nN\u00e4r jag f\u00e5r tid ska jag se midnattssolen.<br \/>\nN\u00e4r jag f\u00e5r tid ska jag somna samma dygn som jag gick upp.<\/p>\n<p>N\u00e4r jag f\u00e5r tid ska jag f\u00f6r\u00e4ndra v\u00e4rlden, s\u00e4rskilt dumheterna.<br \/>\nHar du tid att h\u00e4nga med?<\/p>\n","protected":false},"excerpt":{"rendered":"<p>N\u00e4r jag f\u00e5r tid ska jag g\u00e5 ut och k\u00e4nna hur det doftar sn\u00f6 i luften. N\u00e4r jag f\u00e5r tid ska jag l\u00e4gga ut \u00e4ppelbitar p\u00e5 marken till koltrasten, det tycker han om. N\u00e4r jag f\u00e5r tid ska jag l\u00e4sa en bok som handlar om en enda dag i juni 1904 i Dublin. N\u00e4r jag &hellip; <a href=\"https:\/\/sven-ove.nu\/?p=10281\" class=\"more-link\">Forts\u00e4tt l\u00e4sa <span class=\"screen-reader-text\">N\u00e4r jag f\u00e5r tid<\/span><\/a><\/p>\n","protected":false},"author":1,"featured_media":0,"comment_status":"open","ping_status":"open","sticky":false,"template":"","format":"standard","meta":{"_crdt_document":"","_monsterinsights_skip_tracking":false,"_monsterinsights_sitenote_active":false,"_monsterinsights_sitenote_note":"","_monsterinsights_sitenote_category":0,"footnotes":""},"categories":[10,6],"tags":[24,18],"class_list":["post-10281","post","type-post","status-publish","format-standard","hentry","category-familjen","category-natur","tag-karlek","tag-lardomar"],"_links":{"self":[{"href":"https:\/\/sven-ove.nu\/index.php?rest_route=\/wp\/v2\/posts\/10281","targetHints":{"allow":["GET"]}}],"collection":[{"href":"https:\/\/sven-ove.nu\/index.php?rest_route=\/wp\/v2\/posts"}],"about":[{"href":"https:\/\/sven-ove.nu\/index.php?rest_route=\/wp\/v2\/types\/post"}],"author":[{"embeddable":true,"href":"https:\/\/sven-ove.nu\/index.php?rest_route=\/wp\/v2\/users\/1"}],"replies":[{"embeddable":true,"href":"https:\/\/sven-ove.nu\/index.php?rest_route=%2Fwp%2Fv2%2Fcomments&post=10281"}],"version-history":[{"count":10,"href":"https:\/\/sven-ove.nu\/index.php?rest_route=\/wp\/v2\/posts\/10281\/revisions"}],"predecessor-version":[{"id":10296,"href":"https:\/\/sven-ove.nu\/index.php?rest_route=\/wp\/v2\/posts\/10281\/revisions\/10296"}],"wp:attachment":[{"href":"https:\/\/sven-ove.nu\/index.php?rest_route=%2Fwp%2Fv2%2Fmedia&parent=10281"}],"wp:term":[{"taxonomy":"category","embeddable":true,"href":"https:\/\/sven-ove.nu\/index.php?rest_route=%2Fwp%2Fv2%2Fcategories&post=10281"},{"taxonomy":"post_tag","embeddable":true,"href":"https:\/\/sven-ove.nu\/index.php?rest_route=%2Fwp%2Fv2%2Ftags&post=10281"}],"curies":[{"name":"wp","href":"https:\/\/api.w.org\/{rel}","templated":true}]}}