{"id":10300,"date":"2014-12-29T03:00:02","date_gmt":"2014-12-29T02:00:02","guid":{"rendered":"http:\/\/sven-ove.nu\/?p=10300"},"modified":"2014-12-28T14:58:35","modified_gmt":"2014-12-28T13:58:35","slug":"mitt-slitna-gamla-2014","status":"publish","type":"post","link":"https:\/\/sven-ove.nu\/?p=10300","title":{"rendered":"Mitt slitna gamla 2014"},"content":{"rendered":"<p><a href=\"https:\/\/sven-ove.nu\/wp-content\/uploads\/2014\/08\/Kontorslandskap.jpg\"><img loading=\"lazy\" decoding=\"async\" class=\"size-large wp-image-9222 alignleft\" src=\"https:\/\/sven-ove.nu\/wp-content\/uploads\/2014\/08\/Kontorslandskap-1024x739.jpg\" alt=\"Kontorslandskap\" width=\"640\" height=\"461\" srcset=\"https:\/\/sven-ove.nu\/wp-content\/uploads\/2014\/08\/Kontorslandskap-1024x739.jpg 1024w, https:\/\/sven-ove.nu\/wp-content\/uploads\/2014\/08\/Kontorslandskap-300x216.jpg 300w, https:\/\/sven-ove.nu\/wp-content\/uploads\/2014\/08\/Kontorslandskap.jpg 1632w\" sizes=\"auto, (max-width: 640px) 100vw, 640px\" \/><\/a><\/p>\n<p style=\"padding-left: 30px; text-align: right;\"><em>Kontorslandskap i Karlstad sommaren 2014. N\u00e5gon st\u00e4llde sin\u00a0stol mitt i \u00e4lven.<\/em><\/p>\n<p>Det var det b\u00e4sta av \u00e5r, det var det s\u00e4msta av \u00e5r. 2014. Tv\u00e5 dagar i rad kom v\u00e4nliga m\u00e4n och tackade f\u00f6r mitt skrivande, kr\u00f6nikor de hade f\u00f6ljt till f\u00f6r tio \u00e5r sedan. En tredje dag fick det fr\u00e4mlingsfientliga partiet 12,86 procent av r\u00f6sterna i riksdagsvalet. Medan jag gick ner tio kilo, satte millennierekord p\u00e5 milen och sprang alla gator i kommunens t\u00e4torter flyttade fattigdomen i Europa hit, till entr\u00e9n utanf\u00f6r v\u00e5rt Konsum. Det d\u00e5liga var inte att tiggarna kom hit, det var att de beh\u00f6ver tigga.<\/p>\n<p style=\"padding-left: 30px;\"><em>&#8211; F\u00f6rbjud tiggandet\u2026<\/em> suckade de inskr\u00e4nkta, f\u00e5.<br \/>\n<em>&#8211; F\u00f6rbjud fattigdomen,<\/em> svarade folk med inlevelse.<\/p>\n<p>Den h\u00e4r bloggen fyllde tre \u00e5r och s\u00e5g sitt tusende inl\u00e4gg. N\u00e5\u2019t ska en bokstavsv\u00e4n g\u00f6ra n\u00e4r huset blir tommare och jobbet bara \u00e4r p\u00e5 100 procent.<\/p>\n<p>H\u00e4r \u00e4r n\u00e5gra av inl\u00e4ggen i repris. B\u00f6rja inte med att l\u00e4sa dem. B\u00f6rja med att g\u00e5 med i facebookgruppen <a href=\"https:\/\/www.facebook.com\/groups\/frontmotrasism\/\">Front mot rasism och fascism<\/a>. Vi \u00e4r en bra bit \u00f6ver 16 000 medlemmar numera, det h\u00e4nde ocks\u00e5 2014.<\/p>\n<p>B\u00e4sta ordet \u00e4r fortfarande solidaritet.<\/p>\n<p><strong>P\u00e5 allvar<br \/>\n<\/strong><a href=\"https:\/\/sven-ove.nu\/wp-content\/uploads\/2014\/09\/R\u00f6tt-kort.jpg\"><img loading=\"lazy\" decoding=\"async\" class=\"size-thumbnail wp-image-9566 alignright\" src=\"https:\/\/sven-ove.nu\/wp-content\/uploads\/2014\/09\/R\u00f6tt-kort-150x150.jpg\" alt=\"R\u00f6tt kort\" width=\"150\" height=\"150\" \/><\/a><a href=\"https:\/\/sven-ove.nu\/?p=10114\">Du har inte funderat p\u00e5 att t\u00e4nka lite sj\u00e4lv?<\/a><strong><br \/>\n<\/strong><a href=\"https:\/\/sven-ove.nu\/?p=8209\">En s\u00e4rskild plats i helvetet<br \/>\n<\/a><a href=\"https:\/\/sven-ove.nu\/?p=9483\">N\u00e4r Charlie Weimers missade f\u00f6rl\u00e5telsen<br \/>\n<\/a><a href=\"https:\/\/sven-ove.nu\/?p=8461\">Antirasistiska FAQ (del 3)<br \/>\n<\/a><a href=\"https:\/\/sven-ove.nu\/?p=9011\">Tal p\u00e5 nationaldagen 2014<br \/>\n<\/a><a href=\"https:\/\/sven-ove.nu\/?p=9364\">Jas\u00e5 gick det att ta ett \u00e4nnu dummare beslut\u2026<br \/>\n<\/a><a href=\"https:\/\/sven-ove.nu\/?p=8849\">Landet d\u00e4r de rika drar ifr\u00e5n<\/a><\/p>\n<p><strong><a href=\"https:\/\/sven-ove.nu\/wp-content\/uploads\/2014\/09\/Fr\u00f6ken-O.jpg\"><img loading=\"lazy\" decoding=\"async\" class=\" wp-image-9618 alignleft\" src=\"https:\/\/sven-ove.nu\/wp-content\/uploads\/2014\/09\/Fr\u00f6ken-O-150x150.jpg\" alt=\"Fr\u00f6ken O\" width=\"88\" height=\"88\" \/><\/a>P\u00e5 allvar<br \/>\n<\/strong><a href=\"https:\/\/sven-ove.nu\/?p=9613\">Fr\u00f6ken On\u00f6digs torg<br \/>\n<\/a><a href=\"https:\/\/sven-ove.nu\/?p=9984\">Resan hemifr\u00e5n<br \/>\n<\/a><a href=\"https:\/\/sven-ove.nu\/?p=9935\">Mina h\u00e4nders klassresa<\/a><\/p>\n<p><strong><a href=\"https:\/\/sven-ove.nu\/wp-content\/uploads\/2014\/01\/Alfred-Tennyson.jpg\"><img loading=\"lazy\" decoding=\"async\" class=\"wp-image-8130 alignleft\" src=\"https:\/\/sven-ove.nu\/wp-content\/uploads\/2014\/01\/Alfred-Tennyson-150x150.jpg\" alt=\"Alfred Tennyson\" width=\"85\" height=\"85\" \/><\/a>P\u00e5 den sortens allvar<br \/>\n<\/strong><a href=\"https:\/\/sven-ove.nu\/?p=8163\">Tanke klockan 06.18 vid fyllda 63<br \/>\n<\/a><a href=\"https:\/\/sven-ove.nu\/?p=8129\">Persbrandt ger oss n\u00e4sta ny\u00e5rsklocka<br \/>\n<\/a><a href=\"https:\/\/sven-ove.nu\/?p=8831\">Nu hettar det till<\/a><\/p>\n<p><strong>P\u00e5 kylsk\u00e5p<br \/>\n<\/strong><a href=\"https:\/\/sven-ove.nu\/?p=6817\">24:7-dieten<\/a> (Bry dig inte om att inl\u00e4gget \u00e4r fr\u00e5n 2013. \u00c4t nu).<\/p>\n","protected":false},"excerpt":{"rendered":"<p>Kontorslandskap i Karlstad sommaren 2014. N\u00e5gon st\u00e4llde sin\u00a0stol mitt i \u00e4lven. Det var det b\u00e4sta av \u00e5r, det var det s\u00e4msta av \u00e5r. 2014. Tv\u00e5 dagar i rad kom v\u00e4nliga m\u00e4n och tackade f\u00f6r mitt skrivande, kr\u00f6nikor de hade f\u00f6ljt till f\u00f6r tio \u00e5r sedan. En tredje dag fick det fr\u00e4mlingsfientliga partiet 12,86 procent av &hellip; <a href=\"https:\/\/sven-ove.nu\/?p=10300\" class=\"more-link\">Forts\u00e4tt l\u00e4sa <span class=\"screen-reader-text\">Mitt slitna gamla 2014<\/span><\/a><\/p>\n","protected":false},"author":1,"featured_media":0,"comment_status":"open","ping_status":"open","sticky":false,"template":"","format":"standard","meta":{"_crdt_document":"","_monsterinsights_skip_tracking":false,"_monsterinsights_sitenote_active":false,"_monsterinsights_sitenote_note":"","_monsterinsights_sitenote_category":0,"footnotes":""},"categories":[10,5,6,9,4,11],"tags":[8,17],"class_list":["post-10300","post","type-post","status-publish","format-standard","hentry","category-familjen","category-lopning","category-natur","category-politik","category-skrivande","category-viktor-root","tag-historia","tag-solidaritet"],"_links":{"self":[{"href":"https:\/\/sven-ove.nu\/index.php?rest_route=\/wp\/v2\/posts\/10300","targetHints":{"allow":["GET"]}}],"collection":[{"href":"https:\/\/sven-ove.nu\/index.php?rest_route=\/wp\/v2\/posts"}],"about":[{"href":"https:\/\/sven-ove.nu\/index.php?rest_route=\/wp\/v2\/types\/post"}],"author":[{"embeddable":true,"href":"https:\/\/sven-ove.nu\/index.php?rest_route=\/wp\/v2\/users\/1"}],"replies":[{"embeddable":true,"href":"https:\/\/sven-ove.nu\/index.php?rest_route=%2Fwp%2Fv2%2Fcomments&post=10300"}],"version-history":[{"count":7,"href":"https:\/\/sven-ove.nu\/index.php?rest_route=\/wp\/v2\/posts\/10300\/revisions"}],"predecessor-version":[{"id":10322,"href":"https:\/\/sven-ove.nu\/index.php?rest_route=\/wp\/v2\/posts\/10300\/revisions\/10322"}],"wp:attachment":[{"href":"https:\/\/sven-ove.nu\/index.php?rest_route=%2Fwp%2Fv2%2Fmedia&parent=10300"}],"wp:term":[{"taxonomy":"category","embeddable":true,"href":"https:\/\/sven-ove.nu\/index.php?rest_route=%2Fwp%2Fv2%2Fcategories&post=10300"},{"taxonomy":"post_tag","embeddable":true,"href":"https:\/\/sven-ove.nu\/index.php?rest_route=%2Fwp%2Fv2%2Ftags&post=10300"}],"curies":[{"name":"wp","href":"https:\/\/api.w.org\/{rel}","templated":true}]}}