{"id":10307,"date":"2015-01-03T03:00:20","date_gmt":"2015-01-03T02:00:20","guid":{"rendered":"http:\/\/sven-ove.nu\/?p=10307"},"modified":"2014-12-30T15:09:29","modified_gmt":"2014-12-30T14:09:29","slug":"dags-att-tolka-skyltarna","status":"publish","type":"post","link":"https:\/\/sven-ove.nu\/?p=10307","title":{"rendered":"Dags att tolka skyltarna"},"content":{"rendered":"<p><a href=\"https:\/\/sven-ove.nu\/wp-content\/uploads\/2014\/12\/Tavlor.jpg\"><img loading=\"lazy\" decoding=\"async\" class=\"alignright size-medium wp-image-10312\" src=\"https:\/\/sven-ove.nu\/wp-content\/uploads\/2014\/12\/Tavlor-225x300.jpg\" alt=\"Tavlor\" width=\"225\" height=\"300\" srcset=\"https:\/\/sven-ove.nu\/wp-content\/uploads\/2014\/12\/Tavlor-225x300.jpg 225w, https:\/\/sven-ove.nu\/wp-content\/uploads\/2014\/12\/Tavlor-768x1024.jpg 768w, https:\/\/sven-ove.nu\/wp-content\/uploads\/2014\/12\/Tavlor.jpg 1224w\" sizes=\"auto, (max-width: 225px) 100vw, 225px\" \/><\/a>Du ska inte kr\u00e5ngla till saker och ting. Var sak p\u00e5 sin plats, tavlorna p\u00e5 tavelavdelningen. F\u00f6r en v\u00e4rml\u00e4nning betyder det d\u00e4r sista ordet tv\u00e5 saker, det g\u00f6r inte saken s\u00e4mre.<br \/>\n<em>&#8211; Inga tavling, titt p\u00e5 bildera nu\u2019ra.<\/em><\/p>\n<p style=\"padding-left: 30px;\">*<\/p>\n<p>Ett vanligt budskap ombord p\u00e5 bussar \u00e4r: Forts\u00e4tt bak\u00e5t.<br \/>\n<em>&#8211; Hur l\u00e5ngt bak\u00e5t? Det \u00e4r en v\u00e4gg l\u00e4ngst bak.<br \/>\n<\/em><em>&#8211; \u00d6ppna f\u00f6nstret <\/em>(ler ironiskt).<\/p>\n<p style=\"padding-left: 30px;\">*<\/p>\n<p>En tredje skylt fann vi p\u00e5 timmerv\u00e4ggen vid en kaffestuga bortom Ludvika. Den varnar f\u00f6r orm i vissa partier. Jag vet vilka ormar den skylten menar. Vilka partier med.<\/p>\n<p>F\u00e5r man h\u00e4lsa? D\u00e5 vill jag h\u00e4lsa till ormarna:<br \/>\n<em>&#8211; Forts\u00e4tt bak\u00e5t, det r\u00e4cker nu. Tavlor kan ni g\u00f6ra bland h\u00f6torgskonsten, inte i Sveriges riksdag. H\u00f6r ni inte vad jag s\u00e4ger? Forts\u00e4tt bak\u00e5t.<\/em><\/p>\n<p><a href=\"https:\/\/sven-ove.nu\/wp-content\/uploads\/2014\/12\/Varning-det-finns-orm.jpg\"><img loading=\"lazy\" decoding=\"async\" class=\"alignright size-full wp-image-10313\" src=\"https:\/\/sven-ove.nu\/wp-content\/uploads\/2014\/12\/Varning-det-finns-orm.jpg\" alt=\"Varning det finns orm\" width=\"1024\" height=\"434\" srcset=\"https:\/\/sven-ove.nu\/wp-content\/uploads\/2014\/12\/Varning-det-finns-orm.jpg 1024w, https:\/\/sven-ove.nu\/wp-content\/uploads\/2014\/12\/Varning-det-finns-orm-300x127.jpg 300w\" sizes=\"auto, (max-width: 1024px) 100vw, 1024px\" \/><\/a><\/p>\n<p style=\"text-align: right;\">\u00a0<em>Ordet \u201dtavel\u201d p\u00e5 v\u00e4rml\u00e4ndska kan betyda tafs och \u201dtavling\u201d tafsande.<br \/>\n<\/em><em>Bilden p\u00e5 ormskylten \u00e4r fr\u00e5n L\u00e5ngsj\u00f6ns kaffestuga<br \/>\n<\/em><em>vid v\u00e4g 50\u00a0mellan Ludvika och Borl\u00e4nge.<\/em><\/p>\n","protected":false},"excerpt":{"rendered":"<p>Du ska inte kr\u00e5ngla till saker och ting. Var sak p\u00e5 sin plats, tavlorna p\u00e5 tavelavdelningen. F\u00f6r en v\u00e4rml\u00e4nning betyder det d\u00e4r sista ordet tv\u00e5 saker, det g\u00f6r inte saken s\u00e4mre. &#8211; Inga tavling, titt p\u00e5 bildera nu\u2019ra. * Ett vanligt budskap ombord p\u00e5 bussar \u00e4r: Forts\u00e4tt bak\u00e5t. &#8211; Hur l\u00e5ngt bak\u00e5t? Det \u00e4r en &hellip; <a href=\"https:\/\/sven-ove.nu\/?p=10307\" class=\"more-link\">Forts\u00e4tt l\u00e4sa <span class=\"screen-reader-text\">Dags att tolka skyltarna<\/span><\/a><\/p>\n","protected":false},"author":1,"featured_media":0,"comment_status":"open","ping_status":"open","sticky":false,"template":"","format":"standard","meta":{"_crdt_document":"","_monsterinsights_skip_tracking":false,"_monsterinsights_sitenote_active":false,"_monsterinsights_sitenote_note":"","_monsterinsights_sitenote_category":0,"footnotes":""},"categories":[9,4],"tags":[14,21,20],"class_list":["post-10307","post","type-post","status-publish","format-standard","hentry","category-politik","category-skrivande","tag-lasning","tag-ord","tag-rad"],"_links":{"self":[{"href":"https:\/\/sven-ove.nu\/index.php?rest_route=\/wp\/v2\/posts\/10307","targetHints":{"allow":["GET"]}}],"collection":[{"href":"https:\/\/sven-ove.nu\/index.php?rest_route=\/wp\/v2\/posts"}],"about":[{"href":"https:\/\/sven-ove.nu\/index.php?rest_route=\/wp\/v2\/types\/post"}],"author":[{"embeddable":true,"href":"https:\/\/sven-ove.nu\/index.php?rest_route=\/wp\/v2\/users\/1"}],"replies":[{"embeddable":true,"href":"https:\/\/sven-ove.nu\/index.php?rest_route=%2Fwp%2Fv2%2Fcomments&post=10307"}],"version-history":[{"count":5,"href":"https:\/\/sven-ove.nu\/index.php?rest_route=\/wp\/v2\/posts\/10307\/revisions"}],"predecessor-version":[{"id":10314,"href":"https:\/\/sven-ove.nu\/index.php?rest_route=\/wp\/v2\/posts\/10307\/revisions\/10314"}],"wp:attachment":[{"href":"https:\/\/sven-ove.nu\/index.php?rest_route=%2Fwp%2Fv2%2Fmedia&parent=10307"}],"wp:term":[{"taxonomy":"category","embeddable":true,"href":"https:\/\/sven-ove.nu\/index.php?rest_route=%2Fwp%2Fv2%2Fcategories&post=10307"},{"taxonomy":"post_tag","embeddable":true,"href":"https:\/\/sven-ove.nu\/index.php?rest_route=%2Fwp%2Fv2%2Ftags&post=10307"}],"curies":[{"name":"wp","href":"https:\/\/api.w.org\/{rel}","templated":true}]}}