{"id":10316,"date":"2014-12-31T03:00:47","date_gmt":"2014-12-31T02:00:47","guid":{"rendered":"http:\/\/sven-ove.nu\/?p=10316"},"modified":"2014-12-30T12:03:40","modified_gmt":"2014-12-30T11:03:40","slug":"din-definitiva-javel","status":"publish","type":"post","link":"https:\/\/sven-ove.nu\/?p=10316","title":{"rendered":"Din definitiva j\u00e4vel"},"content":{"rendered":"<p><a href=\"https:\/\/sven-ove.nu\/wp-content\/uploads\/2014\/12\/Orkid\u00e9-i-dec.jpg\"><img loading=\"lazy\" decoding=\"async\" class=\"alignright size-large wp-image-10318\" src=\"https:\/\/sven-ove.nu\/wp-content\/uploads\/2014\/12\/Orkid\u00e9-i-dec-1024x502.jpg\" alt=\"Orkid\u00e9 i dec\" width=\"640\" height=\"313\" srcset=\"https:\/\/sven-ove.nu\/wp-content\/uploads\/2014\/12\/Orkid\u00e9-i-dec-1024x502.jpg 1024w, https:\/\/sven-ove.nu\/wp-content\/uploads\/2014\/12\/Orkid\u00e9-i-dec-300x147.jpg 300w, https:\/\/sven-ove.nu\/wp-content\/uploads\/2014\/12\/Orkid\u00e9-i-dec.jpg 1613w\" sizes=\"auto, (max-width: 640px) 100vw, 640px\" \/><\/a><\/p>\n<p style=\"text-align: right;\"><em>\u00a0Bilden \u00e4r tagen innan sn\u00f6n f\u00f6ll.<\/em><\/p>\n<p>\u00c5rets sista dag 2014. Jag \u00e4r n\u00e4stan tv\u00e5 \u00e5r \u00e4ldre \u00e4n ordet \u201dny\u00e5rsl\u00f6fte\u201d l\u00e4ste jag n\u00e5gonstans.<\/p>\n<p>Det tror jag inte p\u00e5. Den <a href=\"http:\/\/blog.svd.se\/historia\/2013\/01\/01\/nyarsloften\/\">f\u00f6reteelsen<\/a> \u00e4r \u00e4ldre \u00e4n s\u00e5, \u00e4ven om l\u00f6ftet blev litter\u00e4rt n\u00e4r Stig Dagerman skrev dikt om saken p\u00e5 ny\u00e5rsaftonen 1952. N\u00e5got \u00e5r senare br\u00f6t han sitt ord fr\u00e5n dikten i Arbetaren och tog verkligen livet av sig.<\/p>\n<p><strong>Vilket roligt m\u00f6te<br \/>\n<\/strong>I fem och ett halvt \u00e5r har jag funnits p\u00e5 facebook, tyst i b\u00f6rjan men det v\u00e4nde min omgivning p\u00e5. Du f\u00e5r v\u00e4nner d\u00e4r. De finns.<\/p>\n<p>Vid min \u00e5lder d\u00f6r en v\u00e4n ibland. D\u00f6den, du din definitiva j\u00e4vel. Tre stycken facebookv\u00e4nner borta, en vartannat \u00e5r. Det kunde ha varit v\u00e4rre, det \u00e4r lika illa f\u00f6r det.<\/p>\n<p>J, B och R. S\u00e5 lika och s\u00e5 olika. T\u00e4nk vad roligt de skulle ha haft om de tr\u00e4ffats. Jag vet vad vi kunde ha pratat om.<\/p>\n<p><em>&#8211; Den \u00e4r skriven f\u00f6r dig den d\u00e4r rollen,<\/em> sa B n\u00e4r jag spelat smed i \u00c4lvdalssagan fast jag inte tordes. Det \u00e4r det vackraste n\u00e5gon man har sagt till mig.<\/p>\n<p>Livet, detta prelimin\u00e4ra.<br \/>\nBr\u00f6d och sk\u00e5despel skulle vi ha pratat om.<\/p>\n","protected":false},"excerpt":{"rendered":"<p>\u00a0Bilden \u00e4r tagen innan sn\u00f6n f\u00f6ll. \u00c5rets sista dag 2014. Jag \u00e4r n\u00e4stan tv\u00e5 \u00e5r \u00e4ldre \u00e4n ordet \u201dny\u00e5rsl\u00f6fte\u201d l\u00e4ste jag n\u00e5gonstans. Det tror jag inte p\u00e5. Den f\u00f6reteelsen \u00e4r \u00e4ldre \u00e4n s\u00e5, \u00e4ven om l\u00f6ftet blev litter\u00e4rt n\u00e4r Stig Dagerman skrev dikt om saken p\u00e5 ny\u00e5rsaftonen 1952. N\u00e5got \u00e5r senare br\u00f6t han sitt ord &hellip; <a href=\"https:\/\/sven-ove.nu\/?p=10316\" class=\"more-link\">Forts\u00e4tt l\u00e4sa <span class=\"screen-reader-text\">Din definitiva j\u00e4vel<\/span><\/a><\/p>\n","protected":false},"author":1,"featured_media":0,"comment_status":"open","ping_status":"open","sticky":false,"template":"","format":"standard","meta":{"_crdt_document":"","_monsterinsights_skip_tracking":false,"_monsterinsights_sitenote_active":false,"_monsterinsights_sitenote_note":"","_monsterinsights_sitenote_category":0,"footnotes":""},"categories":[4],"tags":[24,14,21],"class_list":["post-10316","post","type-post","status-publish","format-standard","hentry","category-skrivande","tag-karlek","tag-lasning","tag-ord"],"_links":{"self":[{"href":"https:\/\/sven-ove.nu\/index.php?rest_route=\/wp\/v2\/posts\/10316","targetHints":{"allow":["GET"]}}],"collection":[{"href":"https:\/\/sven-ove.nu\/index.php?rest_route=\/wp\/v2\/posts"}],"about":[{"href":"https:\/\/sven-ove.nu\/index.php?rest_route=\/wp\/v2\/types\/post"}],"author":[{"embeddable":true,"href":"https:\/\/sven-ove.nu\/index.php?rest_route=\/wp\/v2\/users\/1"}],"replies":[{"embeddable":true,"href":"https:\/\/sven-ove.nu\/index.php?rest_route=%2Fwp%2Fv2%2Fcomments&post=10316"}],"version-history":[{"count":7,"href":"https:\/\/sven-ove.nu\/index.php?rest_route=\/wp\/v2\/posts\/10316\/revisions"}],"predecessor-version":[{"id":10334,"href":"https:\/\/sven-ove.nu\/index.php?rest_route=\/wp\/v2\/posts\/10316\/revisions\/10334"}],"wp:attachment":[{"href":"https:\/\/sven-ove.nu\/index.php?rest_route=%2Fwp%2Fv2%2Fmedia&parent=10316"}],"wp:term":[{"taxonomy":"category","embeddable":true,"href":"https:\/\/sven-ove.nu\/index.php?rest_route=%2Fwp%2Fv2%2Fcategories&post=10316"},{"taxonomy":"post_tag","embeddable":true,"href":"https:\/\/sven-ove.nu\/index.php?rest_route=%2Fwp%2Fv2%2Ftags&post=10316"}],"curies":[{"name":"wp","href":"https:\/\/api.w.org\/{rel}","templated":true}]}}