{"id":10335,"date":"2015-01-02T03:00:11","date_gmt":"2015-01-02T02:00:11","guid":{"rendered":"http:\/\/sven-ove.nu\/?p=10335"},"modified":"2014-12-31T11:37:20","modified_gmt":"2014-12-31T10:37:20","slug":"tjana-folket","status":"publish","type":"post","link":"https:\/\/sven-ove.nu\/?p=10335","title":{"rendered":"Tj\u00e4na folket"},"content":{"rendered":"<p style=\"text-align: left;\"><a href=\"https:\/\/sven-ove.nu\/wp-content\/uploads\/2015\/01\/Lampor.jpg\"><img loading=\"lazy\" decoding=\"async\" class=\"alignright size-medium wp-image-10340\" src=\"https:\/\/sven-ove.nu\/wp-content\/uploads\/2015\/01\/Lampor-300x243.jpg\" alt=\"Lampor\" width=\"300\" height=\"243\" srcset=\"https:\/\/sven-ove.nu\/wp-content\/uploads\/2015\/01\/Lampor-300x243.jpg 300w, https:\/\/sven-ove.nu\/wp-content\/uploads\/2015\/01\/Lampor-1024x829.jpg 1024w, https:\/\/sven-ove.nu\/wp-content\/uploads\/2015\/01\/Lampor.jpg 1208w\" sizes=\"auto, (max-width: 300px) 100vw, 300px\" \/><\/a><\/p>\n<p style=\"text-align: right;\"><em>Flitens lampa.<\/em><\/p>\n<p>Periodvis jobbar jag h\u00e5rt. En och annan l\u00f6rdagsf\u00f6rmiddag slinker med, en och annan kafferast gl\u00f6ms bort. Det \u00e4r ingenting konstigt med det. \u201dTj\u00e4na folket!\u201d sa vi n\u00e4r jag var 19 \u00e5r och s\u00e5 tycker jag fortfarande.<\/p>\n<p>Inte \u00e4r jag ensam heller.<\/p>\n<p>N\u00e4r min f\u00f6rrf\u00f6rre h\u00f6gste chef, generaldirekt\u00f6ren, var i forna Jugoslavien och jobbade med att bygga upp administrationen d\u00e4r, d\u00e5 var det en sak han l\u00e4ngtade efter ber\u00e4ttade han. Den svenska kommunal- och statstj\u00e4nstemannen.<\/p>\n<p>Ibland blir jag tr\u00f6tt p\u00e5 det slentrianm\u00e4ssiga gn\u00e4llet p\u00e5 offentliga sektorn. Vi \u00e4r v\u00e4lf\u00e4rdsarbetare vi med, s\u00e5 l\u00e4nge politiken ger oss chansen. Vi har inte h\u00e4ngbj\u00f6rk i pennskaftet och tangentbordet. Vi har inte f\u00e5tt ta bort r\u00f6relsedetektorerna f\u00f6r att det inte ska bli m\u00f6rkt p\u00e5 v\u00e5rt rum. Det \u00e4r inget vilohem, v\u00e5rt kontor.<\/p>\n<p>Inget ont om forna jugoslaver men det var s\u00e5dana som oss Lennart Myhlback l\u00e4ngtade efter. V\u00e5r yrkesrolls stolthet, neutralitet, prestigel\u00f6shet och omutbarhet.<\/p>\n<p>Ett och annat l\u00f6rdagspass blir det n\u00e4r jobbet kr\u00e4ver det, d\u00e5 har jag n\u00e4stan alltid kommenderat ut mig sj\u00e4lv. Varenda g\u00e5ng f\u00e5r jag tack.<\/p>\n<p style=\"text-align: right;\"><em><a href=\"http:\/\/www.tjugofyra7.se\/msb\/Avdelningar\/Nyhet\/Manga-erfarenheter-rikare\/\" target=\"_blank\"><img loading=\"lazy\" decoding=\"async\" class=\"alignright size-medium wp-image-10338\" src=\"https:\/\/sven-ove.nu\/wp-content\/uploads\/2015\/01\/Sk\u00e4rmavbild-2014-12-30-kl.-14.26.24-300x238.png\" alt=\"Sk\u00e4rmavbild 2014-12-30 kl. 14.26.24\" width=\"300\" height=\"238\" srcset=\"https:\/\/sven-ove.nu\/wp-content\/uploads\/2015\/01\/Sk\u00e4rmavbild-2014-12-30-kl.-14.26.24-300x238.png 300w, https:\/\/sven-ove.nu\/wp-content\/uploads\/2015\/01\/Sk\u00e4rmavbild-2014-12-30-kl.-14.26.24.png 673w\" sizes=\"auto, (max-width: 300px) 100vw, 300px\" \/><\/a><br \/>\n<\/em><\/p>\n<p style=\"text-align: right;\"><em>H\u00e4r \u00e4r en s\u00e5dan som Lennart Myhlback<br \/>\n<\/em><em>t\u00e4nkte p\u00e5. Undrar hur m\u00e5nga liv<br \/>\nUlf Erlandsson\u00a0har r\u00e4ddat<br \/>\n<\/em><em>\u00a0med sin dator?<\/em><\/p>\n<p style=\"text-align: right;\">Artikel i MSB:s tidning\u00a0Tjugofyra7,<br \/>\ntag och l\u00e4s:<br \/>\n<a style=\"font-weight: bold; font-style: italic;\" href=\"http:\/\/www.tjugofyra7.se\/msb\/Avdelningar\/Nyhet\/Manga-erfarenheter-rikare\/\">M\u00e5nga erfarenheter rikare<\/a><\/p>\n","protected":false},"excerpt":{"rendered":"<p>Flitens lampa. Periodvis jobbar jag h\u00e5rt. En och annan l\u00f6rdagsf\u00f6rmiddag slinker med, en och annan kafferast gl\u00f6ms bort. Det \u00e4r ingenting konstigt med det. \u201dTj\u00e4na folket!\u201d sa vi n\u00e4r jag var 19 \u00e5r och s\u00e5 tycker jag fortfarande. Inte \u00e4r jag ensam heller. N\u00e4r min f\u00f6rrf\u00f6rre h\u00f6gste chef, generaldirekt\u00f6ren, var i forna Jugoslavien och jobbade &hellip; <a href=\"https:\/\/sven-ove.nu\/?p=10335\" class=\"more-link\">Forts\u00e4tt l\u00e4sa <span class=\"screen-reader-text\">Tj\u00e4na folket<\/span><\/a><\/p>\n","protected":false},"author":1,"featured_media":0,"comment_status":"open","ping_status":"open","sticky":false,"template":"","format":"standard","meta":{"_crdt_document":"","_monsterinsights_skip_tracking":false,"_monsterinsights_sitenote_active":false,"_monsterinsights_sitenote_note":"","_monsterinsights_sitenote_category":0,"footnotes":""},"categories":[4],"tags":[3,18,20],"class_list":["post-10335","post","type-post","status-publish","format-standard","hentry","category-skrivande","tag-arbete","tag-lardomar","tag-rad"],"_links":{"self":[{"href":"https:\/\/sven-ove.nu\/index.php?rest_route=\/wp\/v2\/posts\/10335","targetHints":{"allow":["GET"]}}],"collection":[{"href":"https:\/\/sven-ove.nu\/index.php?rest_route=\/wp\/v2\/posts"}],"about":[{"href":"https:\/\/sven-ove.nu\/index.php?rest_route=\/wp\/v2\/types\/post"}],"author":[{"embeddable":true,"href":"https:\/\/sven-ove.nu\/index.php?rest_route=\/wp\/v2\/users\/1"}],"replies":[{"embeddable":true,"href":"https:\/\/sven-ove.nu\/index.php?rest_route=%2Fwp%2Fv2%2Fcomments&post=10335"}],"version-history":[{"count":10,"href":"https:\/\/sven-ove.nu\/index.php?rest_route=\/wp\/v2\/posts\/10335\/revisions"}],"predecessor-version":[{"id":10347,"href":"https:\/\/sven-ove.nu\/index.php?rest_route=\/wp\/v2\/posts\/10335\/revisions\/10347"}],"wp:attachment":[{"href":"https:\/\/sven-ove.nu\/index.php?rest_route=%2Fwp%2Fv2%2Fmedia&parent=10335"}],"wp:term":[{"taxonomy":"category","embeddable":true,"href":"https:\/\/sven-ove.nu\/index.php?rest_route=%2Fwp%2Fv2%2Fcategories&post=10335"},{"taxonomy":"post_tag","embeddable":true,"href":"https:\/\/sven-ove.nu\/index.php?rest_route=%2Fwp%2Fv2%2Ftags&post=10335"}],"curies":[{"name":"wp","href":"https:\/\/api.w.org\/{rel}","templated":true}]}}