{"id":10353,"date":"2015-01-05T03:00:12","date_gmt":"2015-01-05T02:00:12","guid":{"rendered":"http:\/\/sven-ove.nu\/?p=10353"},"modified":"2015-01-04T22:50:41","modified_gmt":"2015-01-04T21:50:41","slug":"dags-att-minnas-2015","status":"publish","type":"post","link":"https:\/\/sven-ove.nu\/?p=10353","title":{"rendered":"Dags att minnas 2015"},"content":{"rendered":"<p><a href=\"https:\/\/sven-ove.nu\/wp-content\/uploads\/2015\/01\/Fiberdiket.jpg\"><img loading=\"lazy\" decoding=\"async\" class=\"size-full wp-image-10356 alignleft\" src=\"https:\/\/sven-ove.nu\/wp-content\/uploads\/2015\/01\/Fiberdiket.jpg\" alt=\"Fiberdiket\" width=\"505\" height=\"498\" srcset=\"https:\/\/sven-ove.nu\/wp-content\/uploads\/2015\/01\/Fiberdiket.jpg 505w, https:\/\/sven-ove.nu\/wp-content\/uploads\/2015\/01\/Fiberdiket-300x295.jpg 300w\" sizes=\"auto, (max-width: 505px) 100vw, 505px\" \/><\/a><\/p>\n<p>&nbsp;<\/p>\n<p>&nbsp;<\/p>\n<p>&nbsp;<\/p>\n<p>&nbsp;<\/p>\n<p>&nbsp;<\/p>\n<p><em>Fiberdiket, v\u00e5r tids G\u00f6ta Kanal och stambana.<br \/>\n<\/em><em>Allt jag kr\u00e4ver av ett bra bredband \u00e4r att det \u00e4r brett OCH djuuuuupt.<\/em><\/p>\n<p><strong>\u00a0<\/strong><br \/>\nDet har blivit h\u00f6g tid att summera det nya \u00e5ret.<\/p>\n<p><strong>1 JANUARI 2015:<\/strong> 40 minuters powerwalk i ishalkan, b\u00f6rjar l\u00e4sa julklappsbok nummer tv\u00e5, svarar p\u00e5 en fr\u00e5ga p\u00e5 jobbets facebooksida. <strong>2 JANUARI:<\/strong> \u00e5ker till kontoret, inviger sista \u00e5rskalendern i mitt yrkesliv, hemkommen igen ser jag ett intervjuprogram med Sven Wollter, installerar fibern f\u00e4rdigt, den \u00e4r s\u00e5 snabb s\u00e5 vi f\u00e5r smyga oss p\u00e5 datorn, joggar hit och dit i centrala Grossbolstorp och f\u00f6rorten Forshaga. <strong>3-4 JANUARI:<\/strong> tar helg, funderar \u00f6ver en kompromiss som det h\u00e4r st\u00f6ntr\u00e4t kanske m\u00e5ste f\u00f6resl\u00e5 vid en stor genomg\u00e5ng chefen har bett mig g\u00f6ra, ler f\u00f6r mig sj\u00e4lv n\u00e4r jag t\u00e4nker p\u00e5 hur f\u00f6rv\u00e5nad jag kommer att bli \u00f6ver detta, (har jag blivit mjuk sen jag fyllde 63,95?), l\u00e4ser vidare i boken, promenerar i solsken, springer hit och dit i f\u00f6rorten. <strong>5 JANUARI:<\/strong> summerar 2015 och allt \u00e4r lugnt, allt \u00e4r lugnt, \u00e5ker till v\u00e5r kranskommun Karlstad.<\/p>\n<p>Nej f\u00f6rresten, ja bare sk\u00f4ja.<br \/>\nD\u00e4\u2019 driter ja\u2019 att i.<\/p>\n<p style=\"text-align: right;\"><strong><em>St\u00f6ntr\u00e4\u2019<\/em><\/strong><em>: (ett ord p\u00e5 mitt modersm\u00e5l),<br \/>\novanligt envis individ av arter som hund och m\u00e4nniska.<\/em><\/p>\n","protected":false},"excerpt":{"rendered":"<p>&nbsp; &nbsp; &nbsp; &nbsp; &nbsp; Fiberdiket, v\u00e5r tids G\u00f6ta Kanal och stambana. Allt jag kr\u00e4ver av ett bra bredband \u00e4r att det \u00e4r brett OCH djuuuuupt. \u00a0 Det har blivit h\u00f6g tid att summera det nya \u00e5ret. 1 JANUARI 2015: 40 minuters powerwalk i ishalkan, b\u00f6rjar l\u00e4sa julklappsbok nummer tv\u00e5, svarar p\u00e5 en fr\u00e5ga p\u00e5 &hellip; <a href=\"https:\/\/sven-ove.nu\/?p=10353\" class=\"more-link\">Forts\u00e4tt l\u00e4sa <span class=\"screen-reader-text\">Dags att minnas 2015<\/span><\/a><\/p>\n","protected":false},"author":1,"featured_media":0,"comment_status":"open","ping_status":"open","sticky":false,"template":"","format":"standard","meta":{"_crdt_document":"","_monsterinsights_skip_tracking":false,"_monsterinsights_sitenote_active":false,"_monsterinsights_sitenote_note":"","_monsterinsights_sitenote_category":0,"footnotes":""},"categories":[10],"tags":[3,8,13],"class_list":["post-10353","post","type-post","status-publish","format-standard","hentry","category-familjen","tag-arbete","tag-historia","tag-utrustning"],"_links":{"self":[{"href":"https:\/\/sven-ove.nu\/index.php?rest_route=\/wp\/v2\/posts\/10353","targetHints":{"allow":["GET"]}}],"collection":[{"href":"https:\/\/sven-ove.nu\/index.php?rest_route=\/wp\/v2\/posts"}],"about":[{"href":"https:\/\/sven-ove.nu\/index.php?rest_route=\/wp\/v2\/types\/post"}],"author":[{"embeddable":true,"href":"https:\/\/sven-ove.nu\/index.php?rest_route=\/wp\/v2\/users\/1"}],"replies":[{"embeddable":true,"href":"https:\/\/sven-ove.nu\/index.php?rest_route=%2Fwp%2Fv2%2Fcomments&post=10353"}],"version-history":[{"count":11,"href":"https:\/\/sven-ove.nu\/index.php?rest_route=\/wp\/v2\/posts\/10353\/revisions"}],"predecessor-version":[{"id":10365,"href":"https:\/\/sven-ove.nu\/index.php?rest_route=\/wp\/v2\/posts\/10353\/revisions\/10365"}],"wp:attachment":[{"href":"https:\/\/sven-ove.nu\/index.php?rest_route=%2Fwp%2Fv2%2Fmedia&parent=10353"}],"wp:term":[{"taxonomy":"category","embeddable":true,"href":"https:\/\/sven-ove.nu\/index.php?rest_route=%2Fwp%2Fv2%2Fcategories&post=10353"},{"taxonomy":"post_tag","embeddable":true,"href":"https:\/\/sven-ove.nu\/index.php?rest_route=%2Fwp%2Fv2%2Ftags&post=10353"}],"curies":[{"name":"wp","href":"https:\/\/api.w.org\/{rel}","templated":true}]}}