{"id":1038,"date":"2012-01-28T21:34:53","date_gmt":"2012-01-28T20:34:53","guid":{"rendered":"http:\/\/sven-ove.nu\/?p=1038"},"modified":"2012-01-31T02:20:34","modified_gmt":"2012-01-31T01:20:34","slug":"han-som-drevet-aldrig-ser-har-gjortet-igen","status":"publish","type":"post","link":"https:\/\/sven-ove.nu\/?p=1038","title":{"rendered":"Han som drevet aldrig ser har gjort&#8217;et igen"},"content":{"rendered":"<p><a href=\"https:\/\/sven-ove.nu\/wp-content\/uploads\/2012\/01\/\u00c4t-gott-mot-v\u00e4rldssv\u00e4lten.png\"><img loading=\"lazy\" decoding=\"async\" class=\"alignleft size-full wp-image-1039\" title=\"\u00c4t gott mot v\u00e4rldssv\u00e4lten\" src=\"https:\/\/sven-ove.nu\/wp-content\/uploads\/2012\/01\/\u00c4t-gott-mot-v\u00e4rldssv\u00e4lten.png\" alt=\"\" width=\"668\" height=\"182\" srcset=\"https:\/\/sven-ove.nu\/wp-content\/uploads\/2012\/01\/\u00c4t-gott-mot-v\u00e4rldssv\u00e4lten.png 668w, https:\/\/sven-ove.nu\/wp-content\/uploads\/2012\/01\/\u00c4t-gott-mot-v\u00e4rldssv\u00e4lten-300x81.png 300w\" sizes=\"auto, (max-width: 668px) 100vw, 668px\" \/><\/a><\/p>\n<p>Carl Bildt twittrar och ser fram emot den fina FN-middagen d\u00e4r det angel\u00e4gna \u00e4mnet v\u00e4rldssv\u00e4lten ska diskuteras. P\u00e5minner om en v\u00e4lg\u00f6renhetsorganisation i V\u00e4rmland som \u00e5r efter \u00e5r brukade ordna borddukningst\u00e4vling till f\u00f6rm\u00e5n f\u00f6r&#8230; ja, du vet.<\/p>\n<p>De som det \u00e4r synd om.<\/p>\n<p>&#8211; Vars\u00e5god, ta av alla sorter nu, Ers Excellens. Det \u00e4r dom fattiga sj\u00e4lva som betalar.<\/p>\n","protected":false},"excerpt":{"rendered":"<p>Carl Bildt twittrar och ser fram emot den fina FN-middagen d\u00e4r det angel\u00e4gna \u00e4mnet v\u00e4rldssv\u00e4lten ska diskuteras. P\u00e5minner om en v\u00e4lg\u00f6renhetsorganisation i V\u00e4rmland som \u00e5r efter \u00e5r brukade ordna borddukningst\u00e4vling till f\u00f6rm\u00e5n f\u00f6r&#8230; ja, du vet. De som det \u00e4r synd om. &#8211; Vars\u00e5god, ta av alla sorter nu, Ers Excellens. Det \u00e4r dom fattiga &hellip; <a href=\"https:\/\/sven-ove.nu\/?p=1038\" class=\"more-link\">Forts\u00e4tt l\u00e4sa <span class=\"screen-reader-text\">Han som drevet aldrig ser har gjort&#8217;et igen<\/span><\/a><\/p>\n","protected":false},"author":1,"featured_media":0,"comment_status":"open","ping_status":"open","sticky":false,"template":"","format":"standard","meta":{"_crdt_document":"","_monsterinsights_skip_tracking":false,"_monsterinsights_sitenote_active":false,"_monsterinsights_sitenote_note":"","_monsterinsights_sitenote_category":0,"footnotes":""},"categories":[9,4],"tags":[16,21],"class_list":["post-1038","post","type-post","status-publish","format-standard","hentry","category-politik","category-skrivande","tag-dumheter","tag-ord"],"_links":{"self":[{"href":"https:\/\/sven-ove.nu\/index.php?rest_route=\/wp\/v2\/posts\/1038","targetHints":{"allow":["GET"]}}],"collection":[{"href":"https:\/\/sven-ove.nu\/index.php?rest_route=\/wp\/v2\/posts"}],"about":[{"href":"https:\/\/sven-ove.nu\/index.php?rest_route=\/wp\/v2\/types\/post"}],"author":[{"embeddable":true,"href":"https:\/\/sven-ove.nu\/index.php?rest_route=\/wp\/v2\/users\/1"}],"replies":[{"embeddable":true,"href":"https:\/\/sven-ove.nu\/index.php?rest_route=%2Fwp%2Fv2%2Fcomments&post=1038"}],"version-history":[{"count":8,"href":"https:\/\/sven-ove.nu\/index.php?rest_route=\/wp\/v2\/posts\/1038\/revisions"}],"predecessor-version":[{"id":1092,"href":"https:\/\/sven-ove.nu\/index.php?rest_route=\/wp\/v2\/posts\/1038\/revisions\/1092"}],"wp:attachment":[{"href":"https:\/\/sven-ove.nu\/index.php?rest_route=%2Fwp%2Fv2%2Fmedia&parent=1038"}],"wp:term":[{"taxonomy":"category","embeddable":true,"href":"https:\/\/sven-ove.nu\/index.php?rest_route=%2Fwp%2Fv2%2Fcategories&post=1038"},{"taxonomy":"post_tag","embeddable":true,"href":"https:\/\/sven-ove.nu\/index.php?rest_route=%2Fwp%2Fv2%2Ftags&post=1038"}],"curies":[{"name":"wp","href":"https:\/\/api.w.org\/{rel}","templated":true}]}}