{"id":10385,"date":"2015-01-07T03:00:56","date_gmt":"2015-01-07T02:00:56","guid":{"rendered":"http:\/\/sven-ove.nu\/?p=10385"},"modified":"2015-01-06T14:57:33","modified_gmt":"2015-01-06T13:57:33","slug":"exalterad","status":"publish","type":"post","link":"https:\/\/sven-ove.nu\/?p=10385","title":{"rendered":"Exalterad?"},"content":{"rendered":"<p><a href=\"https:\/\/sven-ove.nu\/wp-content\/uploads\/2015\/01\/Olles-skidf\u00e4rd.jpg\"><img loading=\"lazy\" decoding=\"async\" class=\"alignright size-large wp-image-10388\" src=\"https:\/\/sven-ove.nu\/wp-content\/uploads\/2015\/01\/Olles-skidf\u00e4rd-867x1024.jpg\" alt=\"Olles skidf\u00e4rd\" width=\"640\" height=\"755\" srcset=\"https:\/\/sven-ove.nu\/wp-content\/uploads\/2015\/01\/Olles-skidf\u00e4rd-867x1024.jpg 867w, https:\/\/sven-ove.nu\/wp-content\/uploads\/2015\/01\/Olles-skidf\u00e4rd-254x300.jpg 254w, https:\/\/sven-ove.nu\/wp-content\/uploads\/2015\/01\/Olles-skidf\u00e4rd.jpg 1224w\" sizes=\"auto, (max-width: 640px) 100vw, 640px\" \/><\/a><\/p>\n<p style=\"text-align: right;\"><em>\u00a0Illustration i Elsa Beskows bok Olles skidf\u00e4rd.<\/em><\/p>\n<p style=\"text-align: left;\"><em>\u201dN\u00e4r jag var liten och \u00e4nda tills nu har jag blivit glad, ja n\u00e4stan exalterad n\u00e4r de f\u00f6rsta flingorna har fallit\u201d<\/em> skriver min v\u00e4n <a href=\"https:\/\/www.facebook.com\/varmlandslars?fref=ts\" target=\"_blank\">Lars Nilsson<\/a> p\u00e5 Facebook.<\/p>\n<p>Ja. Just s\u00e5. Jag var barn och stod med n\u00e4san tryckt mot rutan varje kv\u00e4ll fr\u00e5n b\u00f6rjan av november. Hoppas, hoppas vi f\u00e5r sn\u00f6\u2026 <strong>Olles skidf\u00e4rd<\/strong>, som bilderna i den boken s\u00e5g min dr\u00f6m ut. Ganska ofta blev den sann.<\/p>\n<p>Jag dr\u00f6mmer den \u00e4n.<\/p>\n<p>En annan upplevelse som sitter djupt i sj\u00e4len \u00e4r korvgrillning. Att g\u00e5 ut i skogen, oavsett \u00e5rstid, t\u00e4nda en brasa, t\u00e4lja en grillpinne och grilla korv. V\u00e4cka j\u00e4garen\u00a0&amp; samlaren inom mig, minnas alla <a href=\"http:\/\/sv.wikipedia.org\/wiki\/Hjortfot\" target=\"_blank\">Hjortfot<\/a>-b\u00f6ckerna och alla goda svenska naturskildrare <a href=\"https:\/\/sven-ove.nu\/wp-content\/uploads\/2015\/01\/Snart-ska-vi-grilla.jpg\"><img loading=\"lazy\" decoding=\"async\" class=\"alignright size-medium wp-image-10389\" src=\"https:\/\/sven-ove.nu\/wp-content\/uploads\/2015\/01\/Snart-ska-vi-grilla-238x300.jpg\" alt=\"Snart ska vi grilla\" width=\"238\" height=\"300\" srcset=\"https:\/\/sven-ove.nu\/wp-content\/uploads\/2015\/01\/Snart-ska-vi-grilla-238x300.jpg 238w, https:\/\/sven-ove.nu\/wp-content\/uploads\/2015\/01\/Snart-ska-vi-grilla-815x1024.jpg 815w, https:\/\/sven-ove.nu\/wp-content\/uploads\/2015\/01\/Snart-ska-vi-grilla.jpg 1224w\" sizes=\"auto, (max-width: 238px) 100vw, 238px\" \/><\/a>f\u00f6r vilka brasan alltid \u00e4r munter. Brasa och munter, de orden \u00e4r tvillingar. Trillingar f\u00f6rresten, det finns ett ord till.<\/p>\n<p>I g\u00e5r gjorde vi det igen.<br \/>\nTack liv, tack skog.<br \/>\nTack Konsum V\u00e4rmlands charkfabrik.<\/p>\n<p>Exalterad. Just s\u00e5.<br \/>\nSa jag att det sn\u00f6ade?<\/p>\n","protected":false},"excerpt":{"rendered":"<p>\u00a0Illustration i Elsa Beskows bok Olles skidf\u00e4rd. \u201dN\u00e4r jag var liten och \u00e4nda tills nu har jag blivit glad, ja n\u00e4stan exalterad n\u00e4r de f\u00f6rsta flingorna har fallit\u201d skriver min v\u00e4n Lars Nilsson p\u00e5 Facebook. Ja. Just s\u00e5. Jag var barn och stod med n\u00e4san tryckt mot rutan varje kv\u00e4ll fr\u00e5n b\u00f6rjan av november. Hoppas, &hellip; <a href=\"https:\/\/sven-ove.nu\/?p=10385\" class=\"more-link\">Forts\u00e4tt l\u00e4sa <span class=\"screen-reader-text\">Exalterad?<\/span><\/a><\/p>\n","protected":false},"author":1,"featured_media":0,"comment_status":"open","ping_status":"open","sticky":false,"template":"","format":"standard","meta":{"_crdt_document":"","_monsterinsights_skip_tracking":false,"_monsterinsights_sitenote_active":false,"_monsterinsights_sitenote_note":"","_monsterinsights_sitenote_category":0,"footnotes":""},"categories":[10,6],"tags":[8,24,14],"class_list":["post-10385","post","type-post","status-publish","format-standard","hentry","category-familjen","category-natur","tag-historia","tag-karlek","tag-lasning"],"_links":{"self":[{"href":"https:\/\/sven-ove.nu\/index.php?rest_route=\/wp\/v2\/posts\/10385","targetHints":{"allow":["GET"]}}],"collection":[{"href":"https:\/\/sven-ove.nu\/index.php?rest_route=\/wp\/v2\/posts"}],"about":[{"href":"https:\/\/sven-ove.nu\/index.php?rest_route=\/wp\/v2\/types\/post"}],"author":[{"embeddable":true,"href":"https:\/\/sven-ove.nu\/index.php?rest_route=\/wp\/v2\/users\/1"}],"replies":[{"embeddable":true,"href":"https:\/\/sven-ove.nu\/index.php?rest_route=%2Fwp%2Fv2%2Fcomments&post=10385"}],"version-history":[{"count":11,"href":"https:\/\/sven-ove.nu\/index.php?rest_route=\/wp\/v2\/posts\/10385\/revisions"}],"predecessor-version":[{"id":10398,"href":"https:\/\/sven-ove.nu\/index.php?rest_route=\/wp\/v2\/posts\/10385\/revisions\/10398"}],"wp:attachment":[{"href":"https:\/\/sven-ove.nu\/index.php?rest_route=%2Fwp%2Fv2%2Fmedia&parent=10385"}],"wp:term":[{"taxonomy":"category","embeddable":true,"href":"https:\/\/sven-ove.nu\/index.php?rest_route=%2Fwp%2Fv2%2Fcategories&post=10385"},{"taxonomy":"post_tag","embeddable":true,"href":"https:\/\/sven-ove.nu\/index.php?rest_route=%2Fwp%2Fv2%2Ftags&post=10385"}],"curies":[{"name":"wp","href":"https:\/\/api.w.org\/{rel}","templated":true}]}}