{"id":10399,"date":"2015-01-08T03:00:00","date_gmt":"2015-01-08T02:00:00","guid":{"rendered":"http:\/\/sven-ove.nu\/?p=10399"},"modified":"2019-09-10T08:13:04","modified_gmt":"2019-09-10T07:13:04","slug":"har-den-aran-pa-fodelsedagen","status":"publish","type":"post","link":"https:\/\/sven-ove.nu\/?p=10399","title":{"rendered":"Har den \u00e4ran p\u00e5 f\u00f6delsedagen, Gun-Britt!"},"content":{"rendered":"<p><a href=\"https:\/\/sven-ove.nu\/wp-content\/uploads\/2015\/01\/NWT-25-maj-2014.jpg\"><img loading=\"lazy\" decoding=\"async\" class=\"alignright size-full wp-image-10405\" src=\"https:\/\/sven-ove.nu\/wp-content\/uploads\/2015\/01\/NWT-25-maj-2014.jpg\" alt=\"NWT 25 maj 2014\" width=\"650\" height=\"641\" srcset=\"https:\/\/sven-ove.nu\/wp-content\/uploads\/2015\/01\/NWT-25-maj-2014.jpg 650w, https:\/\/sven-ove.nu\/wp-content\/uploads\/2015\/01\/NWT-25-maj-2014-300x295.jpg 300w\" sizes=\"auto, (max-width: 650px) 100vw, 650px\" \/><\/a><\/p>\n<p style=\"text-align: right;\"><em>\u00a0NWT 25 maj 2014.<\/em><\/p>\n<p>Ser att en av mina facebookv\u00e4nner fyller \u00e5r i dag. Jag har n\u00e5gra v\u00e4nner som jag beundrar mer \u00e4n andra, Gun-Britt Karlsson i Fensbol \u00e4r en av dem. H\u00e4r ett tips till er som beslutar om kulturstipendier i Torsby kommun, provinsen V\u00e4rmland och v\u00e5rt land:<\/p>\n<p>&#8211; Det finns kvinnor ocks\u00e5.<\/p>\n<p>Vet ni inte vad Gun-Britt gjort och g\u00f6r som f\u00f6rtj\u00e4nar henne alla stipendier i v\u00e4rlden, s\u00e5 b\u00f6r ni snarast l\u00e4sa p\u00e5. Ni kan b\u00f6rja med en utm\u00e4rkt artikel som Anette Persson skrev i Nya Wermlands-Tidningens s\u00f6ndagsbilaga p\u00e5 n\u00e4tet den 25 maj i fjol.<\/p>\n<p>Jag pratar f\u00f6rst\u00e5s om Gun-Britt som tillsammans med livskamraten driver <span style=\"color: #0000ff;\"><a style=\"color: #0000ff;\" href=\"http:\/\/www.heidruns.se\">Heidruns<\/a><\/span> f\u00f6rlag och bok- &amp; bildcaf\u00e9 i Fensbol norr om Torsby. Ett givet utflyktsm\u00e5l om somrarna, b\u00e5de f\u00f6r pajerna och scenprogrammen. Heidruns har snart gett ut 200 b\u00f6cker och i \u00e5r fyller f\u00f6rlaget 25 \u00e5r.<\/p>\n<p><em>\u201dUt\u00e5t \u00e4r hon kanske mest k\u00e4nd f\u00f6r sina goda bakverk. Men de som k\u00e4nner henne vet att hennes bidrag till verksamheten \u00e4r betydligt bredare\u201d<\/em> skriver NWT. Sj\u00e4lv utrycker Gun-Britt det s\u00e5 h\u00e4r i artikeln, aprop\u00e5 att livskamraten Bengt Berg syns mer ut\u00e5t och hon sj\u00e4lv finns mer i bakgrunden:<\/p>\n<p><em>&#8211; Det har bara blivit s\u00e5. Jag \u00e4r praktiskt lagd och Bengt \u00e4r social. Han \u00e4r bra p\u00e5 ord och jag p\u00e5 siffror. Jag sk\u00f6ter prosan och han tar poesin. Men tillvaron \u00e4r inte statisk och p\u00e5 ett litet f\u00f6retag g\u00e4ller det att dra nytta av varandras olikheter och komplettera varandra. N\u00e4r han suttit i riksdagen \u00e4r det jag som drivit f\u00f6rlaget.<\/em><\/p>\n<p><strong>Till synes outtr\u00f6ttlig<br \/>\n<\/strong>I artikeln beskrivs Gun-Britts liv fr\u00e5n f\u00f6dseln i Ena mellan S\u00f6rby och Munkfors och flytten i barndomen till V\u00e4sterg\u00f6tland. Jobb som hembitr\u00e4de i Hagfors och Karlstad, lillv\u00e4rdinna i\u00a0S\u00e4len, servitris i Marstrand, v\u00e5ningsst\u00e4derska p\u00e5 Park Aveny i G\u00f6teborg, k\u00f6ksarbete i Sigtuna, ekologiskt jordbrukskollektiv i norra V\u00e4rmland, f\u00f6rest\u00e5ndare f\u00f6r k\u00f6ket i Munkfors Folkets hus, cirkelledare i ABF i Karlstad, svenska f\u00f6r invandrare, arbete med\u00a0utvecklingsst\u00f6rda, solidaritetsprojekt f\u00f6r Nicaragua. Grupp 8, FiB\/Kulturfront,<br \/>\nmilj\u00f6r\u00f6relsen, sm\u00e5ningom flytt till Torsby och Heidruns.<strong><br \/>\n<\/strong><\/p>\n<p><a href=\"https:\/\/sven-ove.nu\/wp-content\/uploads\/2015\/01\/Elden-brinner.jpg\"><img loading=\"lazy\" decoding=\"async\" class=\"alignright wp-image-10407\" src=\"https:\/\/sven-ove.nu\/wp-content\/uploads\/2015\/01\/Elden-brinner-225x300.jpg\" alt=\"Elden brinner\" width=\"159\" height=\"211\" srcset=\"https:\/\/sven-ove.nu\/wp-content\/uploads\/2015\/01\/Elden-brinner-225x300.jpg 225w, https:\/\/sven-ove.nu\/wp-content\/uploads\/2015\/01\/Elden-brinner-768x1024.jpg 768w, https:\/\/sven-ove.nu\/wp-content\/uploads\/2015\/01\/Elden-brinner.jpg 1224w\" sizes=\"auto, (max-width: 159px) 100vw, 159px\" \/><\/a>Sj\u00e4lv har jag gl\u00e4djen att samarbeta med Gun-Britt. Vi \u00e4r b\u00e5da med och administrerar en <span style=\"color: #0000ff;\"><a style=\"color: #0000ff;\" href=\"https:\/\/www.facebook.com\/groups\/frontmotrasism\/\">antirasistisk grupp<\/a> <\/span>p\u00e5 Facebook. \u00c4ven d\u00e4r \u00e4r hon till synes outtr\u00f6ttlig, vare sig det g\u00e4ller att introducera den h\u00e4r nykomlingen i administrat\u00f6rsgruppens sm\u00e5 finurligheter eller att h\u00e5lla ordning p\u00e5 skrivglada unga m\u00e4n vars sociala medie-egon stundom v\u00e4xer om fredagskv\u00e4llarna.<\/p>\n<p>M\u00e4nniskov\u00e4rdet \u00e4r ett och okr\u00e4nkbart, det \u00e4r det viktiga.\u00a0Fr\u00e4mlingsfientligheten m\u00e5ste bek\u00e4mpas.<\/p>\n<p><strong>V\u00e4rd b\u00e5da tv\u00e5 och ett stort tack<br \/>\n<\/strong>Grattis p\u00e5 f\u00f6delsedagen, Gun-Britt. F\u00f6r mig \u00e4r du v\u00e4rd b\u00e5de landstingets kulturstipendium och folkr\u00f6relsestipendium p\u00e5 en och samma g\u00e5ng. Samt, inte minst, ett stort kamratligt tack fr\u00e5n alla oss som du g\u00f6r livet vackrare, gladare och tydligare f\u00f6r.<\/p>\n<p>F\u00f6r visst \u00e4r du bra p\u00e5 ord med. Har du inte m\u00e4rkt hur m\u00e5nga som tycker om dina kv\u00e4llsbetraktelser efter \u00e4nnu en engagerad dag?<\/p>\n<p style=\"padding-left: 30px; text-align: right;\"><em>Fina bilder till NWT-reportaget: Olle Persson<\/em><\/p>\n","protected":false},"excerpt":{"rendered":"<p>\u00a0NWT 25 maj 2014. Ser att en av mina facebookv\u00e4nner fyller \u00e5r i dag. Jag har n\u00e5gra v\u00e4nner som jag beundrar mer \u00e4n andra, Gun-Britt Karlsson i Fensbol \u00e4r en av dem. H\u00e4r ett tips till er som beslutar om kulturstipendier i Torsby kommun, provinsen V\u00e4rmland och v\u00e5rt land: &#8211; Det finns kvinnor ocks\u00e5. Vet &hellip; <a href=\"https:\/\/sven-ove.nu\/?p=10399\" class=\"more-link\">Forts\u00e4tt l\u00e4sa <span class=\"screen-reader-text\">Har den \u00e4ran p\u00e5 f\u00f6delsedagen, Gun-Britt!<\/span><\/a><\/p>\n","protected":false},"author":1,"featured_media":0,"comment_status":"open","ping_status":"open","sticky":false,"template":"","format":"standard","meta":{"_crdt_document":"","_monsterinsights_skip_tracking":false,"_monsterinsights_sitenote_active":false,"_monsterinsights_sitenote_note":"","_monsterinsights_sitenote_category":0,"footnotes":""},"categories":[9,4],"tags":[3,14,17],"class_list":["post-10399","post","type-post","status-publish","format-standard","hentry","category-politik","category-skrivande","tag-arbete","tag-lasning","tag-solidaritet"],"_links":{"self":[{"href":"https:\/\/sven-ove.nu\/index.php?rest_route=\/wp\/v2\/posts\/10399","targetHints":{"allow":["GET"]}}],"collection":[{"href":"https:\/\/sven-ove.nu\/index.php?rest_route=\/wp\/v2\/posts"}],"about":[{"href":"https:\/\/sven-ove.nu\/index.php?rest_route=\/wp\/v2\/types\/post"}],"author":[{"embeddable":true,"href":"https:\/\/sven-ove.nu\/index.php?rest_route=\/wp\/v2\/users\/1"}],"replies":[{"embeddable":true,"href":"https:\/\/sven-ove.nu\/index.php?rest_route=%2Fwp%2Fv2%2Fcomments&post=10399"}],"version-history":[{"count":10,"href":"https:\/\/sven-ove.nu\/index.php?rest_route=\/wp\/v2\/posts\/10399\/revisions"}],"predecessor-version":[{"id":21175,"href":"https:\/\/sven-ove.nu\/index.php?rest_route=\/wp\/v2\/posts\/10399\/revisions\/21175"}],"wp:attachment":[{"href":"https:\/\/sven-ove.nu\/index.php?rest_route=%2Fwp%2Fv2%2Fmedia&parent=10399"}],"wp:term":[{"taxonomy":"category","embeddable":true,"href":"https:\/\/sven-ove.nu\/index.php?rest_route=%2Fwp%2Fv2%2Fcategories&post=10399"},{"taxonomy":"post_tag","embeddable":true,"href":"https:\/\/sven-ove.nu\/index.php?rest_route=%2Fwp%2Fv2%2Ftags&post=10399"}],"curies":[{"name":"wp","href":"https:\/\/api.w.org\/{rel}","templated":true}]}}