{"id":10410,"date":"2015-01-09T03:00:01","date_gmt":"2015-01-09T02:00:01","guid":{"rendered":"http:\/\/sven-ove.nu\/?p=10410"},"modified":"2015-01-08T16:21:13","modified_gmt":"2015-01-08T15:21:13","slug":"10410","status":"publish","type":"post","link":"https:\/\/sven-ove.nu\/?p=10410","title":{"rendered":"Tyst minut i kanten av skogen"},"content":{"rendered":"<p><a href=\"http:\/\/www.charliehebdo.fr\/index.html\" target=\"_blank\"><img loading=\"lazy\" decoding=\"async\" class=\"alignright size-large wp-image-10412\" src=\"https:\/\/sven-ove.nu\/wp-content\/uploads\/2015\/01\/Jag-\u00e4r-Charlie-1024x377.jpg\" alt=\"Jag \u00e4r Charlie\" width=\"640\" height=\"235\" srcset=\"https:\/\/sven-ove.nu\/wp-content\/uploads\/2015\/01\/Jag-\u00e4r-Charlie-1024x377.jpg 1024w, https:\/\/sven-ove.nu\/wp-content\/uploads\/2015\/01\/Jag-\u00e4r-Charlie-300x110.jpg 300w, https:\/\/sven-ove.nu\/wp-content\/uploads\/2015\/01\/Jag-\u00e4r-Charlie.jpg 1278w\" sizes=\"auto, (max-width: 640px) 100vw, 640px\" \/><\/a><\/p>\n<p style=\"text-align: right;\">\u00a0<em>\u00a0<a href=\"http:\/\/www.charliehebdo.fr\/index.html\" target=\"_blank\">http:\/\/www.charliehebdo.fr\/index.html<\/a><\/em><\/p>\n<p style=\"text-align: left;\">Torsdag, springer p\u00e5 lunchen. H\u00e4rom natten fick vi drygt en decimeter sn\u00f6, nu \u00e4r den redan f\u00f6rvandlad till klafs. Ett ljudh\u00e4rmande tillst\u00e5nd som f\u00e5r varje steg att h\u00f6ras.<\/p>\n<p>D\u00e5, i kanten av skogen, kommer jag p\u00e5 att det ska h\u00e5llas en tyst minut klockan 12, f\u00f6r att hedra de d\u00f6da i attentatet mot den franska satirtidningen <a href=\"http:\/\/www.charliehebdo.fr\/index.html\">Charlie Hebdo<\/a>. Snabb titt p\u00e5 klockan, hinner precis stanna i sluttningen och st\u00e4nga av tidtagningen. D\u00e4r st\u00e5r jag sedan i bl\u00f6ta l\u00f6parskor med sn\u00f6modd till anklarna, alldeles ensam mellan h\u00f6gresta granar, och tiger med nedb\u00f6jt huvud.<\/p>\n<p style=\"padding-left: 30px;\">Det \u00e4r inte kristendomens fel att inkvisitionen pl\u00e5gade livet ur m\u00e4nniskor, t\u00e4nker jag.<br \/>\nDet \u00e4r inte kristendomens fel att Frankrike och Amerikas F\u00f6renta Stater f\u00f6rde krig mot det fattiga bondelandet Vietnam.<br \/>\nDet \u00e4r inte kristendomens fel att Ryssland tvingat till sig delar av Ukraina.<br \/>\nDet \u00e4r inte kristendomens fel att katolska pr\u00e4ster f\u00f6rgripit sig p\u00e5 unga pojkar.<br \/>\nDet \u00e4r inte kristendomens fel att jordklotet v\u00e4rms upp mer och mer i profitens namn.<br \/>\nDet \u00e4r inte islams fel att terrorister tror att de kan skjuta ihj\u00e4l det fria ordet och den fria satirteckningen.<\/p>\n<p style=\"padding-left: 30px;\">Du har din fria vilja, m\u00e4nniska. Anv\u00e4nd den. L\u00e5t aldrig 1,6 miljarder muslimer f\u00e5 skulden n\u00e4r n\u00e5gra f\u00e5, som vi inte vet vilka de \u00e4r, bryter mot varje religion.<\/p>\n<p>\u2026 t\u00e4nker jag och tittar p\u00e5 klockan. Nu har minuten g\u00e5tt.<\/p>\n","protected":false},"excerpt":{"rendered":"<p>\u00a0\u00a0http:\/\/www.charliehebdo.fr\/index.html Torsdag, springer p\u00e5 lunchen. H\u00e4rom natten fick vi drygt en decimeter sn\u00f6, nu \u00e4r den redan f\u00f6rvandlad till klafs. Ett ljudh\u00e4rmande tillst\u00e5nd som f\u00e5r varje steg att h\u00f6ras. D\u00e5, i kanten av skogen, kommer jag p\u00e5 att det ska h\u00e5llas en tyst minut klockan 12, f\u00f6r att hedra de d\u00f6da i attentatet mot den &hellip; <a href=\"https:\/\/sven-ove.nu\/?p=10410\" class=\"more-link\">Forts\u00e4tt l\u00e4sa <span class=\"screen-reader-text\">Tyst minut i kanten av skogen<\/span><\/a><\/p>\n","protected":false},"author":1,"featured_media":0,"comment_status":"open","ping_status":"open","sticky":false,"template":"","format":"standard","meta":{"_crdt_document":"","_monsterinsights_skip_tracking":false,"_monsterinsights_sitenote_active":false,"_monsterinsights_sitenote_note":"","_monsterinsights_sitenote_category":0,"footnotes":""},"categories":[5,9],"tags":[15,17],"class_list":["post-10410","post","type-post","status-publish","format-standard","hentry","category-lopning","category-politik","tag-mediedjungeln","tag-solidaritet"],"_links":{"self":[{"href":"https:\/\/sven-ove.nu\/index.php?rest_route=\/wp\/v2\/posts\/10410","targetHints":{"allow":["GET"]}}],"collection":[{"href":"https:\/\/sven-ove.nu\/index.php?rest_route=\/wp\/v2\/posts"}],"about":[{"href":"https:\/\/sven-ove.nu\/index.php?rest_route=\/wp\/v2\/types\/post"}],"author":[{"embeddable":true,"href":"https:\/\/sven-ove.nu\/index.php?rest_route=\/wp\/v2\/users\/1"}],"replies":[{"embeddable":true,"href":"https:\/\/sven-ove.nu\/index.php?rest_route=%2Fwp%2Fv2%2Fcomments&post=10410"}],"version-history":[{"count":6,"href":"https:\/\/sven-ove.nu\/index.php?rest_route=\/wp\/v2\/posts\/10410\/revisions"}],"predecessor-version":[{"id":10424,"href":"https:\/\/sven-ove.nu\/index.php?rest_route=\/wp\/v2\/posts\/10410\/revisions\/10424"}],"wp:attachment":[{"href":"https:\/\/sven-ove.nu\/index.php?rest_route=%2Fwp%2Fv2%2Fmedia&parent=10410"}],"wp:term":[{"taxonomy":"category","embeddable":true,"href":"https:\/\/sven-ove.nu\/index.php?rest_route=%2Fwp%2Fv2%2Fcategories&post=10410"},{"taxonomy":"post_tag","embeddable":true,"href":"https:\/\/sven-ove.nu\/index.php?rest_route=%2Fwp%2Fv2%2Ftags&post=10410"}],"curies":[{"name":"wp","href":"https:\/\/api.w.org\/{rel}","templated":true}]}}