{"id":10436,"date":"2015-01-16T03:00:56","date_gmt":"2015-01-16T02:00:56","guid":{"rendered":"http:\/\/sven-ove.nu\/?p=10436"},"modified":"2015-01-13T09:54:23","modified_gmt":"2015-01-13T08:54:23","slug":"10436","status":"publish","type":"post","link":"https:\/\/sven-ove.nu\/?p=10436","title":{"rendered":"Skrivarl\u00e4rdom nr 60-68"},"content":{"rendered":"<p style=\"padding-left: 30px;\">N\u00e5gon vecka innan angreppet p\u00e5 <a href=\"http:\/\/www.dn.se\/kultur-noje\/livet-gar-vidare-pa-charlie-hebdo\/\">Charlie Hebdo<\/a> i Paris den 7 januari 2015 skrev jag ner de\u00a050 f\u00f6rsta skrivarl\u00e4rdomarna, fast de publicerades efter\u00e5t. R\u00e5d nummer 43 handlade om satir. D\u00e5 visste jag inte hur aktuellt det skulle bli. H\u00e4r \u00e4r n\u00e5gra fler tankar kring denna viktiga konstform. K\u00e4mpa!<\/p>\n<p><strong>Skrivarl\u00e4rdom nr 60<br \/>\n<\/strong>F\u00f6rs\u00f6ker du skriva satir? Bra, det beh\u00f6vs. M\u00e5nga som skriver \u00e4r alldeles f\u00f6r sn\u00e4lla och humorn kan vara ett utm\u00e4rkt vapen. Storskrattet underifr\u00e5n \u00e4r sv\u00e5rt att f\u00f6rsvara sig mot. T\u00e4nk p\u00e5 att om din satir ska fungera m\u00e5ste du utg\u00e5 fr\u00e5n l\u00e4sarnas referensramar. Det var l\u00e4ttare n\u00e4r Sverige bara hade en enda tv-kanal, alla tittade p\u00e5 allt och alla l\u00e4ste n\u00e5gon dagstidning.<\/p>\n<p><strong>Skrivarl\u00e4rdom nr 61<br \/>\n<\/strong>Ska du titta p\u00e5 <a href=\"http:\/\/p9.storage.canalblog.com\/93\/41\/177230\/64101408.jpg\">franska<\/a> satirteckningar? Titta med franska \u00f6gon, inte svenska. Satiren verkar alltid i en tradition.<\/p>\n<p><strong>Skrivarl\u00e4rdom nr 62<br \/>\n<\/strong>N\u00e4r satiren \u00e4r som b\u00e4st fungerar den i alla l\u00e4nder.<\/p>\n<p><strong>Skrivarl\u00e4rdom nr 63<br \/>\n<\/strong>Det \u00e4r l\u00e4ttare att g\u00f6ra god satir i ett samh\u00e4lle med djupa klyftor och egenm\u00e4ktiga makthavare som g\u00f6mmer sig bakom l\u00e5sta portar och dubbla lager livvakter och pressekreterare.<\/p>\n<p><strong>Skrivarl\u00e4rdom nr 64<br \/>\n<\/strong>S\u00e5 det ska nog inte bli s\u00e5 sv\u00e5rt.<\/p>\n<p><strong>Skrivarl\u00e4rdom nr 65<br \/>\n<\/strong>Du tror v\u00e4l f\u00f6rresten inte att det bara \u00e4r politiker som har makten i v\u00e4rlden?<\/p>\n<p><strong>Skrivarl\u00e4rdom nr 66<br \/>\n<\/strong>En plump text med tydligt m\u00e5l \u00e4r alltid trevligt.<\/p>\n<p><strong>Skrivarl\u00e4rdom nr 67<br \/>\n<a href=\"https:\/\/sven-ove.nu\/wp-content\/uploads\/2015\/01\/G\u00f6sta.jpg\"><img loading=\"lazy\" decoding=\"async\" class=\"alignright size-medium wp-image-10439\" src=\"https:\/\/sven-ove.nu\/wp-content\/uploads\/2015\/01\/G\u00f6sta-197x300.jpg\" alt=\"G\u00f6sta\" width=\"197\" height=\"300\" srcset=\"https:\/\/sven-ove.nu\/wp-content\/uploads\/2015\/01\/G\u00f6sta-197x300.jpg 197w, https:\/\/sven-ove.nu\/wp-content\/uploads\/2015\/01\/G\u00f6sta-674x1024.jpg 674w, https:\/\/sven-ove.nu\/wp-content\/uploads\/2015\/01\/G\u00f6sta.jpg 816w\" sizes=\"auto, (max-width: 197px) 100vw, 197px\" \/><\/a><\/strong>Ett elegant v\u00e4rjstick med pennan \u00e4r det b\u00e4sta fredagsmys jag vet.<\/p>\n<p><strong>Skrivarl\u00e4rdom nr 68<br \/>\n<\/strong>Sikta upp\u00e5t. Jag s\u00e4ger som G\u00f6sta p\u00e5 min ungdoms s\u00e5gverk: \u201dHarru n\u00f4nsin sett e\u2019 br\u00e4e som \u00e4\u2019 bullerskadad? Den dan f\u00e5r vi arbeterskydd\u201d.<\/p>\n<p style=\"text-align: right;\"><em><strong>G\u00f6sta\u00a0p\u00e5 rikssvenska:<\/strong><br \/>\nHar du n\u00e5gonsin sett en br\u00e4da som \u00e4r<br \/>\nbullerskadad?\u00a0Den dagen f\u00e5r vi arbetarskydd.<\/em><\/p>\n<p><em>Fler l\u00e4rdomar:<br \/>\n<\/em><em><a href=\"https:\/\/sven-ove.nu\/?p=10366\">Skrivarl\u00e4rdom nr 1-50<\/a>\u00a0\u00a0<\/em><em><a href=\"https:\/\/sven-ove.nu\/?p=10417\">Skrivarl\u00e4rdom nr 51-59<\/a><\/em><\/p>\n","protected":false},"excerpt":{"rendered":"<p>N\u00e5gon vecka innan angreppet p\u00e5 Charlie Hebdo i Paris den 7 januari 2015 skrev jag ner de\u00a050 f\u00f6rsta skrivarl\u00e4rdomarna, fast de publicerades efter\u00e5t. R\u00e5d nummer 43 handlade om satir. D\u00e5 visste jag inte hur aktuellt det skulle bli. H\u00e4r \u00e4r n\u00e5gra fler tankar kring denna viktiga konstform. K\u00e4mpa! Skrivarl\u00e4rdom nr 60 F\u00f6rs\u00f6ker du skriva satir? &hellip; <a href=\"https:\/\/sven-ove.nu\/?p=10436\" class=\"more-link\">Forts\u00e4tt l\u00e4sa <span class=\"screen-reader-text\">Skrivarl\u00e4rdom nr 60-68<\/span><\/a><\/p>\n","protected":false},"author":1,"featured_media":0,"comment_status":"open","ping_status":"open","sticky":false,"template":"","format":"standard","meta":{"_crdt_document":"","_monsterinsights_skip_tracking":false,"_monsterinsights_sitenote_active":false,"_monsterinsights_sitenote_note":"","_monsterinsights_sitenote_category":0,"footnotes":""},"categories":[4],"tags":[3,18,15,21],"class_list":["post-10436","post","type-post","status-publish","format-standard","hentry","category-skrivande","tag-arbete","tag-lardomar","tag-mediedjungeln","tag-ord"],"_links":{"self":[{"href":"https:\/\/sven-ove.nu\/index.php?rest_route=\/wp\/v2\/posts\/10436","targetHints":{"allow":["GET"]}}],"collection":[{"href":"https:\/\/sven-ove.nu\/index.php?rest_route=\/wp\/v2\/posts"}],"about":[{"href":"https:\/\/sven-ove.nu\/index.php?rest_route=\/wp\/v2\/types\/post"}],"author":[{"embeddable":true,"href":"https:\/\/sven-ove.nu\/index.php?rest_route=\/wp\/v2\/users\/1"}],"replies":[{"embeddable":true,"href":"https:\/\/sven-ove.nu\/index.php?rest_route=%2Fwp%2Fv2%2Fcomments&post=10436"}],"version-history":[{"count":9,"href":"https:\/\/sven-ove.nu\/index.php?rest_route=\/wp\/v2\/posts\/10436\/revisions"}],"predecessor-version":[{"id":10456,"href":"https:\/\/sven-ove.nu\/index.php?rest_route=\/wp\/v2\/posts\/10436\/revisions\/10456"}],"wp:attachment":[{"href":"https:\/\/sven-ove.nu\/index.php?rest_route=%2Fwp%2Fv2%2Fmedia&parent=10436"}],"wp:term":[{"taxonomy":"category","embeddable":true,"href":"https:\/\/sven-ove.nu\/index.php?rest_route=%2Fwp%2Fv2%2Fcategories&post=10436"},{"taxonomy":"post_tag","embeddable":true,"href":"https:\/\/sven-ove.nu\/index.php?rest_route=%2Fwp%2Fv2%2Ftags&post=10436"}],"curies":[{"name":"wp","href":"https:\/\/api.w.org\/{rel}","templated":true}]}}