{"id":10458,"date":"2015-01-14T03:00:33","date_gmt":"2015-01-14T02:00:33","guid":{"rendered":"http:\/\/sven-ove.nu\/?p=10458"},"modified":"2015-01-13T16:03:24","modified_gmt":"2015-01-13T15:03:24","slug":"10458","status":"publish","type":"post","link":"https:\/\/sven-ove.nu\/?p=10458","title":{"rendered":"Vad \u00e4r viktigt?"},"content":{"rendered":"<p><a href=\"https:\/\/sven-ove.nu\/wp-content\/uploads\/2015\/01\/AB-Charlie.jpg\"><img loading=\"lazy\" decoding=\"async\" class=\"alignright size-medium wp-image-10462\" src=\"https:\/\/sven-ove.nu\/wp-content\/uploads\/2015\/01\/AB-Charlie-84x300.jpg\" alt=\"AB Charlie\" width=\"84\" height=\"300\" \/><\/a>F\u00f6r att sammanfatta n\u00e5gra egna och andras tankar den senaste tiden:<\/p>\n<p>Det viktiga \u00e4r inte om <a href=\"http:\/\/expo.se\/2014\/expo-slapper-sds-vitbok_6551.html\">Sverigedemokraterna<\/a> \u00e4r fascister eller ej, det viktiga \u00e4r att du l\u00e5ter bli att R\u00d6STA\u00a0p\u00e5 dem. *<br \/>\nDet viktiga \u00e4r inte om din <a href=\"http:\/\/sv.wikipedia.org\/wiki\/Satir\">satirteckning<\/a> passar min smak eller ej, det viktiga \u00e4r att du F\u00c5R\u00a0rita den och trycka den.<br \/>\nDet lustiga \u00e4r inte att <a href=\"http:\/\/www.vf.se\/asikter\/ledare\/hall-dig-till-korna-goran\">G\u00f6ran Persson<\/a> var statsminister en g\u00e5ng i tiden, det lustiga \u00e4r att i dag har han blivit sin egen satir.<\/p>\n<p>Tack f\u00f6r ordet.<\/p>\n<p style=\"padding-left: 270px; text-align: left;\"><em>(* Fritt efter Crister Enander). <\/em><\/p>\n","protected":false},"excerpt":{"rendered":"<p>F\u00f6r att sammanfatta n\u00e5gra egna och andras tankar den senaste tiden: Det viktiga \u00e4r inte om Sverigedemokraterna \u00e4r fascister eller ej, det viktiga \u00e4r att du l\u00e5ter bli att R\u00d6STA\u00a0p\u00e5 dem. * Det viktiga \u00e4r inte om din satirteckning passar min smak eller ej, det viktiga \u00e4r att du F\u00c5R\u00a0rita den och trycka den. Det &hellip; <a href=\"https:\/\/sven-ove.nu\/?p=10458\" class=\"more-link\">Forts\u00e4tt l\u00e4sa <span class=\"screen-reader-text\">Vad \u00e4r viktigt?<\/span><\/a><\/p>\n","protected":false},"author":1,"featured_media":0,"comment_status":"open","ping_status":"open","sticky":false,"template":"","format":"standard","meta":{"_crdt_document":"","_monsterinsights_skip_tracking":false,"_monsterinsights_sitenote_active":false,"_monsterinsights_sitenote_note":"","_monsterinsights_sitenote_category":0,"footnotes":""},"categories":[9,4],"tags":[18],"class_list":["post-10458","post","type-post","status-publish","format-standard","hentry","category-politik","category-skrivande","tag-lardomar"],"_links":{"self":[{"href":"https:\/\/sven-ove.nu\/index.php?rest_route=\/wp\/v2\/posts\/10458","targetHints":{"allow":["GET"]}}],"collection":[{"href":"https:\/\/sven-ove.nu\/index.php?rest_route=\/wp\/v2\/posts"}],"about":[{"href":"https:\/\/sven-ove.nu\/index.php?rest_route=\/wp\/v2\/types\/post"}],"author":[{"embeddable":true,"href":"https:\/\/sven-ove.nu\/index.php?rest_route=\/wp\/v2\/users\/1"}],"replies":[{"embeddable":true,"href":"https:\/\/sven-ove.nu\/index.php?rest_route=%2Fwp%2Fv2%2Fcomments&post=10458"}],"version-history":[{"count":6,"href":"https:\/\/sven-ove.nu\/index.php?rest_route=\/wp\/v2\/posts\/10458\/revisions"}],"predecessor-version":[{"id":10478,"href":"https:\/\/sven-ove.nu\/index.php?rest_route=\/wp\/v2\/posts\/10458\/revisions\/10478"}],"wp:attachment":[{"href":"https:\/\/sven-ove.nu\/index.php?rest_route=%2Fwp%2Fv2%2Fmedia&parent=10458"}],"wp:term":[{"taxonomy":"category","embeddable":true,"href":"https:\/\/sven-ove.nu\/index.php?rest_route=%2Fwp%2Fv2%2Fcategories&post=10458"},{"taxonomy":"post_tag","embeddable":true,"href":"https:\/\/sven-ove.nu\/index.php?rest_route=%2Fwp%2Fv2%2Ftags&post=10458"}],"curies":[{"name":"wp","href":"https:\/\/api.w.org\/{rel}","templated":true}]}}