{"id":1049,"date":"2012-01-29T16:24:45","date_gmt":"2012-01-29T15:24:45","guid":{"rendered":"http:\/\/sven-ove.nu\/?p=1049"},"modified":"2012-01-31T02:19:39","modified_gmt":"2012-01-31T01:19:39","slug":"sondag-satter-decenniebasta","status":"publish","type":"post","link":"https:\/\/sven-ove.nu\/?p=1049","title":{"rendered":"S\u00f6ndag, s\u00e4tter decennieb\u00e4sta"},"content":{"rendered":"<p>En del steg \u00e4r sm\u00e5 f\u00f6r m\u00e4nskligheten men stora f\u00f6r m\u00e4nniskan. S\u00f6ndagen den 29 januari lyssnar jag allts\u00e5 inte bara p\u00e5 favoritradioprogrammet Mannheimer &amp; Tengby innan jag g\u00e5r upp och \u00e4ter en sen f\u00f6rst\u00e4rkt \u00e4ggfrukost med fru och dotter p\u00e5 bes\u00f6k, l\u00e4ser inte bara det egna blogginl\u00e4gget igen om tidskriftsredakt\u00f6ren <a href=\"https:\/\/sven-ove.nu\/?p=995\">Lennart Wettmark<\/a> som jag gillar, dricker inte bara kaffe och l\u00e4gger ut en l\u00e4nk p\u00e5 facebook om f\u00f6rra SSU-ordf\u00f6randen <a href=\"http:\/\/sverigesradio.se\/sida\/artikel.aspx?programid=83&amp;artikel=4549701\">Jytte Guteland<\/a> som tycker att socialdemokraterna ska g\u00e5 i spetsen f\u00f6r en svensk k\u00e4rnkraftsavveckling.<\/p>\n<p>Nej.<\/p>\n<p>Jag springer ocks\u00e5. Kutar, lufsar, joggar, r\u00e4nner, skenar \u2013 12 kilometer. \u00c4nda bort till infarten till Aborrtj\u00e4rn, efter att f\u00f6rst ha halkat fram genom skogen norr om mig och v\u00e4ster om Stackbr\u00e5tarna. En mil, tv\u00e5 kilometer och 20 meter. L\u00e4ngre har jag inte sprungit sedan \u00e5rsskiftet 2000\/2001, n\u00e4r diskbr\u00e5cket slog till sedan.<\/p>\n<p>Det g\u00e5r bra hela v\u00e4gen. Bra tid bort till v\u00e4ndpunkten. Tr\u00f6tt men lycklig spurtar jag i uppf\u00f6rsbacken hem och anar bara en f\u00f6rsiktig k\u00e4nning i v\u00e4nster bakl\u00e5r. 12 kilometer n\u00e4stan bara p\u00e5 asfalt utan att ryggen br\u00e5kar efter\u00e5t, Gud va g\u00f4tt! Just nu skulle jag kunna springa <a href=\"http:\/\/www.ifgota.se\/arr.jsp#\" target=\"_blank\">stadsloppet<\/a>, om jag ville.<\/p>\n<p>Skorna luktar grus, begagnad sn\u00f6modd och lycka.<\/p>\n<p><a href=\"https:\/\/sven-ove.nu\/wp-content\/uploads\/2012\/01\/12-km-29-jan-2012.png\"><img loading=\"lazy\" decoding=\"async\" class=\"alignleft size-medium wp-image-1050\" title=\"12 km 29 jan 2012\" src=\"https:\/\/sven-ove.nu\/wp-content\/uploads\/2012\/01\/12-km-29-jan-2012-300x209.png\" alt=\"\" width=\"300\" height=\"209\" srcset=\"https:\/\/sven-ove.nu\/wp-content\/uploads\/2012\/01\/12-km-29-jan-2012-300x209.png 300w, https:\/\/sven-ove.nu\/wp-content\/uploads\/2012\/01\/12-km-29-jan-2012.png 583w\" sizes=\"auto, (max-width: 300px) 100vw, 300px\" \/><\/a><\/p>\n","protected":false},"excerpt":{"rendered":"<p>En del steg \u00e4r sm\u00e5 f\u00f6r m\u00e4nskligheten men stora f\u00f6r m\u00e4nniskan. S\u00f6ndagen den 29 januari lyssnar jag allts\u00e5 inte bara p\u00e5 favoritradioprogrammet Mannheimer &amp; Tengby innan jag g\u00e5r upp och \u00e4ter en sen f\u00f6rst\u00e4rkt \u00e4ggfrukost med fru och dotter p\u00e5 bes\u00f6k, l\u00e4ser inte bara det egna blogginl\u00e4gget igen om tidskriftsredakt\u00f6ren Lennart Wettmark som jag gillar, &hellip; <a href=\"https:\/\/sven-ove.nu\/?p=1049\" class=\"more-link\">Forts\u00e4tt l\u00e4sa <span class=\"screen-reader-text\">S\u00f6ndag, s\u00e4tter decennieb\u00e4sta<\/span><\/a><\/p>\n","protected":false},"author":1,"featured_media":0,"comment_status":"open","ping_status":"open","sticky":false,"template":"","format":"standard","meta":{"_crdt_document":"","_monsterinsights_skip_tracking":false,"_monsterinsights_sitenote_active":false,"_monsterinsights_sitenote_note":"","_monsterinsights_sitenote_category":0,"footnotes":""},"categories":[10,5,4],"tags":[26],"class_list":["post-1049","post","type-post","status-publish","format-standard","hentry","category-familjen","category-lopning","category-skrivande","tag-natur-2"],"_links":{"self":[{"href":"https:\/\/sven-ove.nu\/index.php?rest_route=\/wp\/v2\/posts\/1049","targetHints":{"allow":["GET"]}}],"collection":[{"href":"https:\/\/sven-ove.nu\/index.php?rest_route=\/wp\/v2\/posts"}],"about":[{"href":"https:\/\/sven-ove.nu\/index.php?rest_route=\/wp\/v2\/types\/post"}],"author":[{"embeddable":true,"href":"https:\/\/sven-ove.nu\/index.php?rest_route=\/wp\/v2\/users\/1"}],"replies":[{"embeddable":true,"href":"https:\/\/sven-ove.nu\/index.php?rest_route=%2Fwp%2Fv2%2Fcomments&post=1049"}],"version-history":[{"count":6,"href":"https:\/\/sven-ove.nu\/index.php?rest_route=\/wp\/v2\/posts\/1049\/revisions"}],"predecessor-version":[{"id":1090,"href":"https:\/\/sven-ove.nu\/index.php?rest_route=\/wp\/v2\/posts\/1049\/revisions\/1090"}],"wp:attachment":[{"href":"https:\/\/sven-ove.nu\/index.php?rest_route=%2Fwp%2Fv2%2Fmedia&parent=1049"}],"wp:term":[{"taxonomy":"category","embeddable":true,"href":"https:\/\/sven-ove.nu\/index.php?rest_route=%2Fwp%2Fv2%2Fcategories&post=1049"},{"taxonomy":"post_tag","embeddable":true,"href":"https:\/\/sven-ove.nu\/index.php?rest_route=%2Fwp%2Fv2%2Ftags&post=1049"}],"curies":[{"name":"wp","href":"https:\/\/api.w.org\/{rel}","templated":true}]}}