{"id":10505,"date":"2015-01-21T03:00:50","date_gmt":"2015-01-21T02:00:50","guid":{"rendered":"http:\/\/sven-ove.nu\/?p=10505"},"modified":"2015-01-20T22:52:01","modified_gmt":"2015-01-20T21:52:01","slug":"respekt-for-manniskan","status":"publish","type":"post","link":"https:\/\/sven-ove.nu\/?p=10505","title":{"rendered":"Respekt f\u00f6r m\u00e4nniskan"},"content":{"rendered":"<p>Ja, jag tycker att de \u00e4r v\u00e4lkomna. Nej, jag vill inte att vissa kommuner ska ta emot alla men Sverige \u00e4r stort, \u00e4n finns det utrymme. \u00c5t tiggarna? \u00c5t flyktingarna fr\u00e5n krigen? G\u00e4rna, fast nu var det vargen jag t\u00e4nkte p\u00e5.<\/p>\n<p>N\u00e4r tillvaron blir absurd m\u00e5ste jag sm\u00e5le. Jag kan inte l\u00e5ta bli. Det var d\u00e4rf\u00f6r jag skojade k\u00e4rv\u00e4nligt i g\u00e5r med ett av jaktargumenten. I mina \u00f6ron l\u00e5ter det dr\u00e5pligt att vargen ska d\u00f6das s\u00e5 han l\u00e4r sig att bli skygg.<\/p>\n<p>Nu \u00e4r jag b\u00e5de hundr\u00e4dd och full av respekt f\u00f6r den som \u00e4r r\u00e4dd f\u00f6r ulven. Precis som jag k\u00e4nner respekt f\u00f6r j\u00e4gar\u2019n som v\u00e4rnar om sin jakthund och som tycker han har f\u00e5tt sin livsstil f\u00f6rst\u00f6rd.<\/p>\n<p>Respekt.<br \/>\nDet \u00e4r samma skog vi tycker om.<\/p>\n<p><strong>R\u00e4tt att jaga?<br \/>\n<\/strong><a href=\"https:\/\/sven-ove.nu\/wp-content\/uploads\/2013\/02\/Vargaffisch.jpg\"><img loading=\"lazy\" decoding=\"async\" class=\"alignright size-medium wp-image-4797\" src=\"https:\/\/sven-ove.nu\/wp-content\/uploads\/2013\/02\/Vargaffisch-225x300.jpg\" alt=\"Vargaffisch\" width=\"225\" height=\"300\" srcset=\"https:\/\/sven-ove.nu\/wp-content\/uploads\/2013\/02\/Vargaffisch-225x300.jpg 225w, https:\/\/sven-ove.nu\/wp-content\/uploads\/2013\/02\/Vargaffisch-768x1024.jpg 768w, https:\/\/sven-ove.nu\/wp-content\/uploads\/2013\/02\/Vargaffisch.jpg 1098w\" sizes=\"auto, (max-width: 225px) 100vw, 225px\" \/><\/a>\u00c4r det r\u00e4tt att jaga vargen? Kanske. Zoolog \u00e4r jag inte och kan inte bed\u00f6ma hur m\u00e5nga djur som beh\u00f6vs f\u00f6r att stammen ska \u00f6verleva. Men masskommunikation och st\u00e4mningar i folkdjupet vet jag en del om.<strong><br \/>\n<\/strong><\/p>\n<p>Kanske \u00e4r det n\u00f6dv\u00e4ndigt att skjuta ett antal vargar, f\u00f6r att folk ska acceptera en vargstam i v\u00e5r skog. Kanske har V\u00e4rmland f\u00f6r stor andel av stammen. Kanske g\u00e5r det till och med att g\u00f6ra vargarna mer skygga genom jakt.<\/p>\n<p>Kanh\u00e4nda beh\u00f6ver vi f\u00f6rs\u00f6ka g\u00f6ra det, f\u00f6r allas b\u00e4sta. Jag tror det.<\/p>\n<p>Fast d\u00e5, k\u00e4ra j\u00e4gare, f\u00e5r ni nog spara n\u00e5gra \u00f6verlevare som kan ber\u00e4tta f\u00f6r kommande generationer av vargar vem som \u00e4r V\u00e4rmlands farligaste djur.<\/p>\n<p>Annars \u00e4r ni d\u00e5liga skjutj\u00e4rnspedagoger.<\/p>\n","protected":false},"excerpt":{"rendered":"<p>Ja, jag tycker att de \u00e4r v\u00e4lkomna. Nej, jag vill inte att vissa kommuner ska ta emot alla men Sverige \u00e4r stort, \u00e4n finns det utrymme. \u00c5t tiggarna? \u00c5t flyktingarna fr\u00e5n krigen? G\u00e4rna, fast nu var det vargen jag t\u00e4nkte p\u00e5. N\u00e4r tillvaron blir absurd m\u00e5ste jag sm\u00e5le. Jag kan inte l\u00e5ta bli. Det var &hellip; <a href=\"https:\/\/sven-ove.nu\/?p=10505\" class=\"more-link\">Forts\u00e4tt l\u00e4sa <span class=\"screen-reader-text\">Respekt f\u00f6r m\u00e4nniskan<\/span><\/a><\/p>\n","protected":false},"author":1,"featured_media":0,"comment_status":"open","ping_status":"open","sticky":false,"template":"","format":"standard","meta":{"_crdt_document":"","_monsterinsights_skip_tracking":false,"_monsterinsights_sitenote_active":false,"_monsterinsights_sitenote_note":"","_monsterinsights_sitenote_category":0,"footnotes":""},"categories":[6],"tags":[24,18],"class_list":["post-10505","post","type-post","status-publish","format-standard","hentry","category-natur","tag-karlek","tag-lardomar"],"_links":{"self":[{"href":"https:\/\/sven-ove.nu\/index.php?rest_route=\/wp\/v2\/posts\/10505","targetHints":{"allow":["GET"]}}],"collection":[{"href":"https:\/\/sven-ove.nu\/index.php?rest_route=\/wp\/v2\/posts"}],"about":[{"href":"https:\/\/sven-ove.nu\/index.php?rest_route=\/wp\/v2\/types\/post"}],"author":[{"embeddable":true,"href":"https:\/\/sven-ove.nu\/index.php?rest_route=\/wp\/v2\/users\/1"}],"replies":[{"embeddable":true,"href":"https:\/\/sven-ove.nu\/index.php?rest_route=%2Fwp%2Fv2%2Fcomments&post=10505"}],"version-history":[{"count":10,"href":"https:\/\/sven-ove.nu\/index.php?rest_route=\/wp\/v2\/posts\/10505\/revisions"}],"predecessor-version":[{"id":10515,"href":"https:\/\/sven-ove.nu\/index.php?rest_route=\/wp\/v2\/posts\/10505\/revisions\/10515"}],"wp:attachment":[{"href":"https:\/\/sven-ove.nu\/index.php?rest_route=%2Fwp%2Fv2%2Fmedia&parent=10505"}],"wp:term":[{"taxonomy":"category","embeddable":true,"href":"https:\/\/sven-ove.nu\/index.php?rest_route=%2Fwp%2Fv2%2Fcategories&post=10505"},{"taxonomy":"post_tag","embeddable":true,"href":"https:\/\/sven-ove.nu\/index.php?rest_route=%2Fwp%2Fv2%2Ftags&post=10505"}],"curies":[{"name":"wp","href":"https:\/\/api.w.org\/{rel}","templated":true}]}}