{"id":10538,"date":"2015-01-24T03:00:54","date_gmt":"2015-01-24T02:00:54","guid":{"rendered":"http:\/\/sven-ove.nu\/?p=10538"},"modified":"2015-01-23T16:51:10","modified_gmt":"2015-01-23T15:51:10","slug":"10538","status":"publish","type":"post","link":"https:\/\/sven-ove.nu\/?p=10538","title":{"rendered":"Jag ska bli finansminister"},"content":{"rendered":"<p><a href=\"https:\/\/sven-ove.nu\/wp-content\/uploads\/2015\/01\/Sk\u00e4rmavbild-2015-01-20-kl.-17.42.07.png\"><img loading=\"lazy\" decoding=\"async\" class=\"alignright size-full wp-image-10541\" src=\"https:\/\/sven-ove.nu\/wp-content\/uploads\/2015\/01\/Sk\u00e4rmavbild-2015-01-20-kl.-17.42.07.png\" alt=\"Sk\u00e4rmavbild 2015-01-20 kl. 17.42.07\" width=\"143\" height=\"308\" srcset=\"https:\/\/sven-ove.nu\/wp-content\/uploads\/2015\/01\/Sk\u00e4rmavbild-2015-01-20-kl.-17.42.07.png 143w, https:\/\/sven-ove.nu\/wp-content\/uploads\/2015\/01\/Sk\u00e4rmavbild-2015-01-20-kl.-17.42.07-139x300.png 139w\" sizes=\"auto, (max-width: 143px) 100vw, 143px\" \/><\/a>Jag ska bli finansminister ser jag p\u00e5 n\u00e4tet. He he he he, hahahahaha, hohohoho, hihihi. Ha ha ha. Hahahaha, hehe.<\/p>\n<p>En v\u00e4n\u00a0har fyllt i ett av alla dessa tester p\u00e5 Facebook. Den h\u00e4r g\u00e5ngen handlade det om att l\u00e5ta Facebook utse en regering bland v\u00e4nnerna. Statsminister blev\u00a0han\u00a0sj\u00e4lv, sedan kollade det sociala mediet vad hans v\u00e4nner\u00a0brukar gilla och skriva om, och utifr\u00e5n det valdes\u00a0ministrarna ut.<\/p>\n<p>Jotack. Finansminister blev jag.<\/p>\n<p>Hoho.<\/p>\n<p>Ho.<\/p>\n<p style=\"padding-left: 90px;\">*<\/p>\n<p style=\"text-align: left; padding-left: 30px;\"><em>Som den unders\u00f6kande reporter jag \u00e4r g\u00e5r jag till k\u00e4llorna. Vad \u00e4r det f\u00f6r finanssidor jag har gillat egentligen, som f\u00e5r Facebook att tro att jag kan sk\u00f6ta inte bara min egen ekonomi utan ocks\u00e5 fosterlandets? Det \u00e4r fort gjort, f\u00f6r n\u00e5gra traditionella ekonomisidor\u00a0har jag inte gillat. D\u00e5 b\u00f6rjar jag fr\u00e5n b\u00f6rjan p\u00e5 listan och inser snart att tanken kanske inte \u00e4r s\u00e5 dum. De h\u00e4r sysslar onekligen med den sortens ekonomi som jag tycker \u00e4r viktig:<\/em><em>\u00a0<\/em><\/p>\n<p style=\"padding-left: 30px;\"><em><a href=\"https:\/\/www.facebook.com\/romprojektet\" target=\"_blank\">Romhj\u00e4lpen<\/a>, <a href=\"https:\/\/www.facebook.com\/viskogen?fref=pb&amp;hc_location=profile_browser\" target=\"_blank\">Vi-skogen<\/a>,\u00a0<a href=\"https:\/\/www.facebook.com\/vemljugeromnuon?fref=ts\" target=\"_blank\">Vem ljuger om Nuon?<\/a>, <a href=\"https:\/\/www.facebook.com\/CoopKonsumForshaga?fref=ts\" target=\"_blank\">Coop Konsum Forshaga<\/a>, <a href=\"https:\/\/www.facebook.com\/konsumvarmland.se?fref=ts\" target=\"_blank\">Konsum V\u00e4rmland,<\/a> <a href=\"https:\/\/www.facebook.com\/Asylsokanden.Glava?fref=ts\" target=\"_blank\">Insamling till asyls\u00f6kande flyktingar p\u00e5 Glava G\u00e4stg\u00e5rd<\/a>, <a href=\"https:\/\/www.facebook.com\/RaddaMjolkbonderna?fref=ts\" target=\"_blank\">R\u00e4dda mj\u00f6lkb\u00f6nderna<\/a>, <a href=\"https:\/\/www.facebook.com\/paskupprop?fref=pb&amp;hc_location=profile_browser\" target=\"_blank\">P\u00e5skupprop mot utf\u00f6rs\u00e4kringarna<\/a>.<\/em><\/p>\n<p style=\"padding-left: 90px;\">*<\/p>\n<p>\u00a0OK, jag tar jobbet Lars. Nu k\u00f6r vi. S\u00e4g inget till min fru.<\/p>\n","protected":false},"excerpt":{"rendered":"<p>Jag ska bli finansminister ser jag p\u00e5 n\u00e4tet. He he he he, hahahahaha, hohohoho, hihihi. Ha ha ha. Hahahaha, hehe. En v\u00e4n\u00a0har fyllt i ett av alla dessa tester p\u00e5 Facebook. Den h\u00e4r g\u00e5ngen handlade det om att l\u00e5ta Facebook utse en regering bland v\u00e4nnerna. Statsminister blev\u00a0han\u00a0sj\u00e4lv, sedan kollade det sociala mediet vad hans v\u00e4nner\u00a0brukar &hellip; <a href=\"https:\/\/sven-ove.nu\/?p=10538\" class=\"more-link\">Forts\u00e4tt l\u00e4sa <span class=\"screen-reader-text\">Jag ska bli finansminister<\/span><\/a><\/p>\n","protected":false},"author":1,"featured_media":0,"comment_status":"open","ping_status":"open","sticky":false,"template":"","format":"standard","meta":{"_crdt_document":"","_monsterinsights_skip_tracking":false,"_monsterinsights_sitenote_active":false,"_monsterinsights_sitenote_note":"","_monsterinsights_sitenote_category":0,"footnotes":""},"categories":[9],"tags":[16,15],"class_list":["post-10538","post","type-post","status-publish","format-standard","hentry","category-politik","tag-dumheter","tag-mediedjungeln"],"_links":{"self":[{"href":"https:\/\/sven-ove.nu\/index.php?rest_route=\/wp\/v2\/posts\/10538","targetHints":{"allow":["GET"]}}],"collection":[{"href":"https:\/\/sven-ove.nu\/index.php?rest_route=\/wp\/v2\/posts"}],"about":[{"href":"https:\/\/sven-ove.nu\/index.php?rest_route=\/wp\/v2\/types\/post"}],"author":[{"embeddable":true,"href":"https:\/\/sven-ove.nu\/index.php?rest_route=\/wp\/v2\/users\/1"}],"replies":[{"embeddable":true,"href":"https:\/\/sven-ove.nu\/index.php?rest_route=%2Fwp%2Fv2%2Fcomments&post=10538"}],"version-history":[{"count":15,"href":"https:\/\/sven-ove.nu\/index.php?rest_route=\/wp\/v2\/posts\/10538\/revisions"}],"predecessor-version":[{"id":10554,"href":"https:\/\/sven-ove.nu\/index.php?rest_route=\/wp\/v2\/posts\/10538\/revisions\/10554"}],"wp:attachment":[{"href":"https:\/\/sven-ove.nu\/index.php?rest_route=%2Fwp%2Fv2%2Fmedia&parent=10538"}],"wp:term":[{"taxonomy":"category","embeddable":true,"href":"https:\/\/sven-ove.nu\/index.php?rest_route=%2Fwp%2Fv2%2Fcategories&post=10538"},{"taxonomy":"post_tag","embeddable":true,"href":"https:\/\/sven-ove.nu\/index.php?rest_route=%2Fwp%2Fv2%2Ftags&post=10538"}],"curies":[{"name":"wp","href":"https:\/\/api.w.org\/{rel}","templated":true}]}}