{"id":10555,"date":"2015-01-24T12:00:30","date_gmt":"2015-01-24T11:00:30","guid":{"rendered":"http:\/\/sven-ove.nu\/?p=10555"},"modified":"2015-01-24T22:00:04","modified_gmt":"2015-01-24T21:00:04","slug":"hardrock-for-mangfald","status":"publish","type":"post","link":"https:\/\/sven-ove.nu\/?p=10555","title":{"rendered":"H\u00e5rdrock f\u00f6r m\u00e5ngfald"},"content":{"rendered":"<p><a href=\"https:\/\/sven-ove.nu\/wp-content\/uploads\/2015\/01\/H\u00e5rdrock-i-Deje.jpg\"><img loading=\"lazy\" decoding=\"async\" class=\"alignright size-large wp-image-10564\" src=\"https:\/\/sven-ove.nu\/wp-content\/uploads\/2015\/01\/H\u00e5rdrock-i-Deje-768x1024.jpg\" alt=\"H\u00e5rdrock i Deje\" width=\"640\" height=\"853\" srcset=\"https:\/\/sven-ove.nu\/wp-content\/uploads\/2015\/01\/H\u00e5rdrock-i-Deje-768x1024.jpg 768w, https:\/\/sven-ove.nu\/wp-content\/uploads\/2015\/01\/H\u00e5rdrock-i-Deje-225x300.jpg 225w, https:\/\/sven-ove.nu\/wp-content\/uploads\/2015\/01\/H\u00e5rdrock-i-Deje.jpg 960w\" sizes=\"auto, (max-width: 640px) 100vw, 640px\" \/><\/a><\/p>\n<p>Skatorna har m\u00f6te, grafiska i sin enkelhet. Dinosaurier kallar den k\u00e4ra v\u00e4nnen dem, de ser s\u00e5 ut n\u00e4r de flyger tycker vi och forskarna tror de \u00e4r sl\u00e4kt med di gamle.<\/p>\n<p><a href=\"https:\/\/sven-ove.nu\/wp-content\/uploads\/2015\/01\/Skator-i-sn\u00f6.jpg\"><img loading=\"lazy\" decoding=\"async\" class=\"size-medium wp-image-10560 alignleft\" src=\"https:\/\/sven-ove.nu\/wp-content\/uploads\/2015\/01\/Skator-i-sn\u00f6-300x108.jpg\" alt=\"Skator i sn\u00f6\" width=\"300\" height=\"108\" srcset=\"https:\/\/sven-ove.nu\/wp-content\/uploads\/2015\/01\/Skator-i-sn\u00f6-300x108.jpg 300w, https:\/\/sven-ove.nu\/wp-content\/uploads\/2015\/01\/Skator-i-sn\u00f6.jpg 374w\" sizes=\"auto, (max-width: 300px) 100vw, 300px\" \/><\/a>Enkelhet? N\u00e5ja. Den som har sett hur de kan \u00e4gna 45 minuter \u00e5t att villa bort en katt i tr\u00e4dg\u00e5rden kallar dem inte enkla. F\u00e5glarnas grupparbete var perfekt, p\u00e5 slutet var jag helt s\u00e4ker p\u00e5 att de skrattade. Katten dr\u00f6p iv\u00e4g, helt uppstirrad.<\/p>\n<p>Nu har de m\u00f6te. Det \u00e4r helgdag, sn\u00f6n \u00e4r ett mjukt vitt t\u00e4cke \u00f6ver Grossbolstorp och jag t\u00e4nker p\u00e5 k\u00e4rleken. En av mina favoriter har b\u00f6rjat blogga igen. <a href=\"http:\/\/www.finistere.se\">Bodil Malmsten<\/a>:<\/p>\n<p style=\"padding-left: 30px;\"><em>Det \u00e4r v\u00e4ldigt glest med lyckodikter i v\u00e4rldslitteraturen.<br \/>\n<\/em><em>Lyckan skriver vitt.<\/em><\/p>\n<p><strong>B\u00f6rjade rycka<br \/>\n<\/strong>Framf\u00f6r mig ligger traktens annonsblad, knappast enkelt i sin grafik. Jag blir s\u00e5 glad \u00f6ver budskapet p\u00e5 f\u00f6rstasidan. <a href=\"http:\/\/crankitup.se\/blog\/2015\/01\/21\/hardrock-mangfald-varmland\/\">H\u00e5rdrock f\u00f6r m\u00e5ngfald<\/a>, det skulle dinosaurierna ha k\u00e4nt till.<\/p>\n<p>Det var en dag i fjol, har gl\u00f6mt vilken. Vi var nere i Forshaga, det p\u00e5gick n\u00e5gon sorts dagar. D\u00e5 h\u00f6rde jag dem pl\u00f6tsligt. N\u00e5gra unga killar stod och spelade p\u00e5 torget vid v\u00e5r lokala spelbod. H\u00e5rdrock s\u00e5 det b\u00f6rjade rycka i ben, vener och hj\u00e4rnceller p\u00e5 den h\u00e4r 60-plussaren.<\/p>\n<p>Inte begriper jag mig p\u00e5 h\u00e5rdrock (fast jag har b\u00f6rjat gilla\u2019t), men det h\u00e4r var ingen vanlig torgmusik. Spelgl\u00e4dje och talang begriper jag mig p\u00e5. De kallar sig Wendorizer l\u00e4rde jag mig efter\u00e5t.<\/p>\n<p><strong>Musik som manifestation<br \/>\n<\/strong>Nu g\u00e5r de <a href=\"http:\/\/www.vf.se\/kultur-noje\/hardrock-alla-i-forshaga\">vidare<\/a>, <a href=\"https:\/\/www.facebook.com\/pages\/H%C3%A5rdrock-f%C3%B6r-alla\/1503387849906157\">de unga killarna<\/a>. Jonathan Agorander, Aron Torstensson och Robin Bidgoli best\u00e4mde sig f\u00f6r att de ville g\u00f6ra n\u00e5got mer av sin musik. De ville bidra till acceptans och tolerans f\u00f6r m\u00e5ngkultur och m\u00e5ngfald, skriver de.<\/p>\n<p>Just s\u00e5. Vem har sagt att antirasism och m\u00e5ngfald m\u00e5ste best\u00e5 av l\u00e5nga teoretiska inl\u00e4gg p\u00e5 facebook och bloggar och mer eller mindre h\u00f6gljudda manifestationer p\u00e5 gator och torg? Det kan vara en h\u00e5rdrocksdag i kulturhuset i den forna bruksorten Deje ocks\u00e5, med b\u00e5de inl\u00e4gg och h\u00f6gljuddhet.<\/p>\n<p><strong>Avhoppad nazist ber\u00e4ttar<br \/>\n<a href=\"https:\/\/sven-ove.nu\/wp-content\/uploads\/2015\/01\/Skator-i-sn\u00f6.jpg\"><img loading=\"lazy\" decoding=\"async\" class=\"alignright size-medium wp-image-10560\" src=\"https:\/\/sven-ove.nu\/wp-content\/uploads\/2015\/01\/Skator-i-sn\u00f6-300x108.jpg\" alt=\"Skator i sn\u00f6\" width=\"300\" height=\"108\" srcset=\"https:\/\/sven-ove.nu\/wp-content\/uploads\/2015\/01\/Skator-i-sn\u00f6-300x108.jpg 300w, https:\/\/sven-ove.nu\/wp-content\/uploads\/2015\/01\/Skator-i-sn\u00f6.jpg 374w\" sizes=\"auto, (max-width: 300px) 100vw, 300px\" \/><\/a><\/strong>Medan skatorna pickar solrosfr\u00f6n i sn\u00f6n l\u00e4ser jag vidare om galan i Deje p\u00e5 l\u00f6rdag den 31 januari. Gratis intr\u00e4de, b\u00f6rjar 12.00 och slutar 21.00, med pauser. Bland f\u00f6redragen m\u00e4rks den avhoppade nazisten Peter Sundin som pratar om v\u00e4gen ut, n\u00e5gra pratar om sin skolresa till Auschwitz, andra om att komma som flykting till Forshaga och om att vara ensamkommande flyktingbarn. Allt \u00e4r alkoholfritt och drogfritt och det finns m\u00f6jlighet att k\u00f6pa fika och mat under dagen.<\/p>\n<p>V\u00e4nta, musiken f\u00f6r h\u00f6ge farao. Browsing Collection, Gonadetectomy, Insane, Serpenth och <a href=\"https:\/\/www.facebook.com\/Wendorizer\">Wendorizer<\/a> sj\u00e4lva.<\/p>\n<p>Musik \u00e4r b\u00e4st n\u00e4r den vill n\u00e5\u2019t. Det vill de h\u00e4r killarna. I h\u00f6st och vinter har de jobbat h\u00e4cken av sig f\u00f6r sin \u00f6vertygelse.<\/p>\n<p>\u00c5k dit.<\/p>\n<p style=\"padding-left: 30px;\"><em>BAKGRUND: F\u00f6r tv\u00e5 \u00e5r sedan startade Robin Bidgoli och Aron Torstensson h\u00e5rdrocksbandet Wendorizer. De \u00e4r 15 \u00e5r nu. Ett \u00e5r senare gick Johathan Agorander med, han \u00e4r 21. Killarnas engagemang f\u00f6r m\u00e5ngfald fick ett annat perspektiv d\u00e5 Aron och Robin fick \u00e5ka p\u00e5 studieresa till Auschwitz med skolan via ABF. Med p\u00e5 resan var folk fr\u00e5n olika f\u00f6reningar, kommuner och fackf\u00f6rbund. Plus \u00e5tta elever fr\u00e5n Deje, d\u00e4ribland Robin och Aron. De best\u00e4mde sig f\u00f6r att g\u00e5 vidare med budskapet om m\u00e5ngfald och ber\u00e4tta vad de upplevt i Polen.<\/em><\/p>\n<p style=\"padding-left: 30px;\"><em><a href=\"https:\/\/sven-ove.nu\/wp-content\/uploads\/2015\/01\/H\u00e5rdrock-i-Deje.jpg\"><img loading=\"lazy\" decoding=\"async\" class=\"alignright size-medium wp-image-10564\" src=\"https:\/\/sven-ove.nu\/wp-content\/uploads\/2015\/01\/H\u00e5rdrock-i-Deje-225x300.jpg\" alt=\"H\u00e5rdrock i Deje\" width=\"225\" height=\"300\" srcset=\"https:\/\/sven-ove.nu\/wp-content\/uploads\/2015\/01\/H\u00e5rdrock-i-Deje-225x300.jpg 225w, https:\/\/sven-ove.nu\/wp-content\/uploads\/2015\/01\/H\u00e5rdrock-i-Deje-768x1024.jpg 768w, https:\/\/sven-ove.nu\/wp-content\/uploads\/2015\/01\/H\u00e5rdrock-i-Deje.jpg 960w\" sizes=\"auto, (max-width: 225px) 100vw, 225px\" \/><\/a>De kontaktade Studiefr\u00e4mjandet d\u00e4r de redan k\u00f6rt studiecirklar med sitt band. Beslutet blev att starta f\u00f6reningen H\u00e5rdrock f\u00f6r alla. Du hittar den p\u00e5 Facebook.<\/em><\/p>\n<p style=\"padding-left: 30px;\"><em>Under h\u00f6sten har de g\u00e5tt f\u00f6reningsutbildning och best\u00e4mt sig f\u00f6r att arrangera sin gala den 31 januari. Budget: 60 300 kr. D\u00e5 har de ordnat bidrag fr\u00e5n Alfa-stiftelsen, Forshaga kommun, olika privatpersoner och Studiefr\u00e4mjandet. M\u00e5let \u00e4r att det ska komma 100 ungdomar och att st\u00e4rka m\u00e5ngfalden, antirasismen.<\/em><\/p>\n<p style=\"padding-left: 30px;\"><em>Bra jobbat.<br \/>\nGillar&#8217;t.<\/em><\/p>\n","protected":false},"excerpt":{"rendered":"<p>Skatorna har m\u00f6te, grafiska i sin enkelhet. Dinosaurier kallar den k\u00e4ra v\u00e4nnen dem, de ser s\u00e5 ut n\u00e4r de flyger tycker vi och forskarna tror de \u00e4r sl\u00e4kt med di gamle. Enkelhet? N\u00e5ja. Den som har sett hur de kan \u00e4gna 45 minuter \u00e5t att villa bort en katt i tr\u00e4dg\u00e5rden kallar dem inte enkla. &hellip; <a href=\"https:\/\/sven-ove.nu\/?p=10555\" class=\"more-link\">Forts\u00e4tt l\u00e4sa <span class=\"screen-reader-text\">H\u00e5rdrock f\u00f6r m\u00e5ngfald<\/span><\/a><\/p>\n","protected":false},"author":1,"featured_media":0,"comment_status":"open","ping_status":"open","sticky":false,"template":"","format":"standard","meta":{"_crdt_document":"","_monsterinsights_skip_tracking":false,"_monsterinsights_sitenote_active":false,"_monsterinsights_sitenote_note":"","_monsterinsights_sitenote_category":0,"footnotes":""},"categories":[6,9],"tags":[8,17],"class_list":["post-10555","post","type-post","status-publish","format-standard","hentry","category-natur","category-politik","tag-historia","tag-solidaritet"],"_links":{"self":[{"href":"https:\/\/sven-ove.nu\/index.php?rest_route=\/wp\/v2\/posts\/10555","targetHints":{"allow":["GET"]}}],"collection":[{"href":"https:\/\/sven-ove.nu\/index.php?rest_route=\/wp\/v2\/posts"}],"about":[{"href":"https:\/\/sven-ove.nu\/index.php?rest_route=\/wp\/v2\/types\/post"}],"author":[{"embeddable":true,"href":"https:\/\/sven-ove.nu\/index.php?rest_route=\/wp\/v2\/users\/1"}],"replies":[{"embeddable":true,"href":"https:\/\/sven-ove.nu\/index.php?rest_route=%2Fwp%2Fv2%2Fcomments&post=10555"}],"version-history":[{"count":7,"href":"https:\/\/sven-ove.nu\/index.php?rest_route=\/wp\/v2\/posts\/10555\/revisions"}],"predecessor-version":[{"id":10565,"href":"https:\/\/sven-ove.nu\/index.php?rest_route=\/wp\/v2\/posts\/10555\/revisions\/10565"}],"wp:attachment":[{"href":"https:\/\/sven-ove.nu\/index.php?rest_route=%2Fwp%2Fv2%2Fmedia&parent=10555"}],"wp:term":[{"taxonomy":"category","embeddable":true,"href":"https:\/\/sven-ove.nu\/index.php?rest_route=%2Fwp%2Fv2%2Fcategories&post=10555"},{"taxonomy":"post_tag","embeddable":true,"href":"https:\/\/sven-ove.nu\/index.php?rest_route=%2Fwp%2Fv2%2Ftags&post=10555"}],"curies":[{"name":"wp","href":"https:\/\/api.w.org\/{rel}","templated":true}]}}