{"id":10583,"date":"2015-01-28T03:00:48","date_gmt":"2015-01-28T02:00:48","guid":{"rendered":"http:\/\/sven-ove.nu\/?p=10583"},"modified":"2015-01-27T22:40:47","modified_gmt":"2015-01-27T21:40:47","slug":"10583","status":"publish","type":"post","link":"https:\/\/sven-ove.nu\/?p=10583","title":{"rendered":"Faxade varenda r\u00e4ddningsk\u00e5r och bad om hj\u00e4lp till barnen i Rum\u00e4nien"},"content":{"rendered":"<p>Ligger sjuk och somnar om. Det \u00e4r en v\u00e4rldslig sak, att hosta slem d\u00f6r jag inte av. N\u00e4r jag vaknar igen l\u00e4ser jag ikapp n\u00e5gra facebookinl\u00e4gg. Min v\u00e4n Bj\u00f6rn f\u00e5ngar det jag t\u00e4nkt.<\/p>\n<p style=\"padding-left: 30px;\"><em><a href=\"https:\/\/sven-ove.nu\/wp-content\/uploads\/2015\/01\/St\u00e4mpel-Like.jpg\"><img loading=\"lazy\" decoding=\"async\" class=\"alignright size-medium wp-image-10586\" src=\"https:\/\/sven-ove.nu\/wp-content\/uploads\/2015\/01\/St\u00e4mpel-Like-300x186.jpg\" alt=\"St\u00e4mpel Like\" width=\"300\" height=\"186\" srcset=\"https:\/\/sven-ove.nu\/wp-content\/uploads\/2015\/01\/St\u00e4mpel-Like-300x186.jpg 300w, https:\/\/sven-ove.nu\/wp-content\/uploads\/2015\/01\/St\u00e4mpel-Like.jpg 889w\" sizes=\"auto, (max-width: 300px) 100vw, 300px\" \/><\/a>\u201dN\u00e4r Rum\u00e4niens diktatur f\u00f6ll och landet blev fritt s\u00e5 var vi inom fackf\u00f6reningsr\u00f6relsen snabba med att starta insamlingar till Rum\u00e4niens barn. Andra insamlingsorganisationer gjorde detsamma. Svenska hederv\u00e4rda medborgare stod utanf\u00f6r butiker och \u2019tiggde\u2019 pengar till de beh\u00f6vande i Rum\u00e4nien. Om jag inte minns fel s\u00e5 var det \u00e4ven en insamlingsgala p\u00e5 TV. Ingen ropade d\u00e5 p\u00e5 tiggerif\u00f6rbud, det var ju inte dom som beh\u00f6vde pengarna som tiggde.<\/em><\/p>\n<p style=\"padding-left: 30px;\">\u00a0<em>Nu finns det m\u00e4nniskor fr\u00e5n Rum\u00e4nien p\u00e5 de platser d\u00e4r vi stod med insamlingsb\u00f6ssor tidigare. D\u00e5 kommer kraven p\u00e5 tiggerif\u00f6rbud fr\u00e5n olika h\u00e5ll. Vad \u00e4r skillnaden? \u00c4r det att vi nu tvingas se dom beh\u00f6vande i \u00f6gonen?\u201d.<\/em><\/p>\n<p>Bra skrivet, Bj\u00f6rn Samuelsson. En g\u00e5ng var Bj\u00f6rn\u00a0med och arrangerade studieresan till Auschwitz som jag skrivit mycket om.<\/p>\n<p><strong>Faxade hela bl\u00e5ljus-V\u00e4rmland<br \/>\n<\/strong>Rum\u00e4niens barnhemsbarn, det gick ett program om dem p\u00e5 svensk tv. Programmakarna hade hittat ren mis\u00e4r. Efter\u00e5t var alla goda m\u00e4nniskor uppr\u00f6rda. D\u00e5 fick n\u00e5gra av kamraterna p\u00e5 SOS-centralen i Karlstad, d\u00e4r jag jobbade, en id\u00e9. De skulle starta en insamling till dessa barn bland bl\u00e5ljusfolket.<\/p>\n<p>Vana som de var att f\u00e5 n\u00e5got gjort hade de snabbt f\u00e5tt ut fax till varenda r\u00e4ddningsk\u00e5r, b\u00e4rgare, ambulansstation och vad det nu fanns f\u00f6r resurser i l\u00e4net till m\u00e4nniskans hj\u00e4lp. St\u00e4ll upp, hj\u00e4lp till, g\u00f6r din insats! De h\u00e4r barnen beh\u00f6ver oss.<\/p>\n<p>Sedan satte de ig\u00e5ng med att ringa.<\/p>\n<p><strong>Lika som larmnumret<br \/>\n<\/strong>&#8211; Hur mycket har ni t\u00e4nkt f\u00f6rs\u00f6ka f\u00e5 ihop i V\u00e4rmland? fr\u00e5gade jag en av eldsj\u00e4larna.<br \/>\n&#8211; 90 000, svarade hon.<\/p>\n<p>Det var en l\u00e4mplig summa tyckte hon, eftersom det r\u00e5kade vara det svenska larmnumret d\u00e5 p\u00e5 1980-talet.<\/p>\n<p>Efter n\u00e5gra kv\u00e4llar hade vi n\u00e5tt m\u00e5let.<br \/>\nVardagssolidariteten levde och ingen\u00a0m\u00e4nniska hade f\u00f6rs\u00f6kt f\u00f6rbjuda oss att tigga.<\/p>\n","protected":false},"excerpt":{"rendered":"<p>Ligger sjuk och somnar om. Det \u00e4r en v\u00e4rldslig sak, att hosta slem d\u00f6r jag inte av. N\u00e4r jag vaknar igen l\u00e4ser jag ikapp n\u00e5gra facebookinl\u00e4gg. Min v\u00e4n Bj\u00f6rn f\u00e5ngar det jag t\u00e4nkt. \u201dN\u00e4r Rum\u00e4niens diktatur f\u00f6ll och landet blev fritt s\u00e5 var vi inom fackf\u00f6reningsr\u00f6relsen snabba med att starta insamlingar till Rum\u00e4niens barn. Andra &hellip; <a href=\"https:\/\/sven-ove.nu\/?p=10583\" class=\"more-link\">Forts\u00e4tt l\u00e4sa <span class=\"screen-reader-text\">Faxade varenda r\u00e4ddningsk\u00e5r och bad om hj\u00e4lp till barnen i Rum\u00e4nien<\/span><\/a><\/p>\n","protected":false},"author":1,"featured_media":0,"comment_status":"open","ping_status":"open","sticky":false,"template":"","format":"standard","meta":{"_crdt_document":"","_monsterinsights_skip_tracking":false,"_monsterinsights_sitenote_active":false,"_monsterinsights_sitenote_note":"","_monsterinsights_sitenote_category":0,"footnotes":""},"categories":[9],"tags":[8,24,15,17],"class_list":["post-10583","post","type-post","status-publish","format-standard","hentry","category-politik","tag-historia","tag-karlek","tag-mediedjungeln","tag-solidaritet"],"_links":{"self":[{"href":"https:\/\/sven-ove.nu\/index.php?rest_route=\/wp\/v2\/posts\/10583","targetHints":{"allow":["GET"]}}],"collection":[{"href":"https:\/\/sven-ove.nu\/index.php?rest_route=\/wp\/v2\/posts"}],"about":[{"href":"https:\/\/sven-ove.nu\/index.php?rest_route=\/wp\/v2\/types\/post"}],"author":[{"embeddable":true,"href":"https:\/\/sven-ove.nu\/index.php?rest_route=\/wp\/v2\/users\/1"}],"replies":[{"embeddable":true,"href":"https:\/\/sven-ove.nu\/index.php?rest_route=%2Fwp%2Fv2%2Fcomments&post=10583"}],"version-history":[{"count":9,"href":"https:\/\/sven-ove.nu\/index.php?rest_route=\/wp\/v2\/posts\/10583\/revisions"}],"predecessor-version":[{"id":10594,"href":"https:\/\/sven-ove.nu\/index.php?rest_route=\/wp\/v2\/posts\/10583\/revisions\/10594"}],"wp:attachment":[{"href":"https:\/\/sven-ove.nu\/index.php?rest_route=%2Fwp%2Fv2%2Fmedia&parent=10583"}],"wp:term":[{"taxonomy":"category","embeddable":true,"href":"https:\/\/sven-ove.nu\/index.php?rest_route=%2Fwp%2Fv2%2Fcategories&post=10583"},{"taxonomy":"post_tag","embeddable":true,"href":"https:\/\/sven-ove.nu\/index.php?rest_route=%2Fwp%2Fv2%2Ftags&post=10583"}],"curies":[{"name":"wp","href":"https:\/\/api.w.org\/{rel}","templated":true}]}}