{"id":10595,"date":"2015-01-29T03:00:13","date_gmt":"2015-01-29T02:00:13","guid":{"rendered":"http:\/\/sven-ove.nu\/?p=10595"},"modified":"2015-01-28T11:43:39","modified_gmt":"2015-01-28T10:43:39","slug":"partiet-som-blir-grinigt-mot-framjat-folk","status":"publish","type":"post","link":"https:\/\/sven-ove.nu\/?p=10595","title":{"rendered":"Partiet som blir grinigt mot fr\u00e4mmat folk"},"content":{"rendered":"<p><a href=\"https:\/\/sven-ove.nu\/wp-content\/uploads\/2015\/01\/Ful-fisk.jpg\"><img loading=\"lazy\" decoding=\"async\" class=\"alignright size-large wp-image-10607\" src=\"https:\/\/sven-ove.nu\/wp-content\/uploads\/2015\/01\/Ful-fisk-1024x768.jpg\" alt=\"Ful fisk\" width=\"640\" height=\"480\" srcset=\"https:\/\/sven-ove.nu\/wp-content\/uploads\/2015\/01\/Ful-fisk-1024x768.jpg 1024w, https:\/\/sven-ove.nu\/wp-content\/uploads\/2015\/01\/Ful-fisk-300x225.jpg 300w\" sizes=\"auto, (max-width: 640px) 100vw, 640px\" \/><\/a><\/p>\n<p>N\u00e4r folkpartiet m\u00e5r <a href=\"http:\/\/www.aftonbladet.se\/nyheter\/article20180433.ab\">d\u00e5ligt<\/a> blir det fr\u00e4mlingsfientligt.<\/p>\n<p>Jag f\u00f6rst\u00e5r ju hur det g\u00e5r till \u00e4ven om det inte f\u00f6rl\u00e5ter n\u00e5got. Vem blir inte grinig n\u00e4r man inte f\u00e5r mat p\u00e5 ett bra tag? Skillnaden \u00e4r bara att jag inte \u00e4r ett politiskt parti.<\/p>\n<p>Samt s\u00e4llan blir grinig mot fr\u00e4mmat folk.<br \/>\nFolkpartiet \u00e4r fegare.<\/p>\n<p style=\"padding-left: 30px;\"><em>BAKGRUND: En g\u00e5ng i tiden, n\u00e4r folkpartiet l\u00e5g d\u00e5ligt till i opinionsm\u00e4tningarna, f\u00f6reslog man spr\u00e5ktest f\u00f6r invandrare. Nu ligger partiet illa till igen och <a href=\"http:\/\/www.dn.se\/debatt\/effektivare-integration-med-forsorjnings-och-sprakkrav\/\">kr\u00e4ver<\/a> s\u00e4mre anst\u00e4llningstrygghet f\u00f6r dem och att de har jobb h\u00e4r innan de f\u00e5r flytta hit och \u00e5terf\u00f6renas med sina anh\u00f6riga. Det ska k\u00e4nnas att du inte heter som en svensk dunge av l\u00f6vskogstyp.<\/em><\/p>\n","protected":false},"excerpt":{"rendered":"<p>N\u00e4r folkpartiet m\u00e5r d\u00e5ligt blir det fr\u00e4mlingsfientligt. Jag f\u00f6rst\u00e5r ju hur det g\u00e5r till \u00e4ven om det inte f\u00f6rl\u00e5ter n\u00e5got. Vem blir inte grinig n\u00e4r man inte f\u00e5r mat p\u00e5 ett bra tag? Skillnaden \u00e4r bara att jag inte \u00e4r ett politiskt parti. Samt s\u00e4llan blir grinig mot fr\u00e4mmat folk. Folkpartiet \u00e4r fegare. BAKGRUND: En &hellip; <a href=\"https:\/\/sven-ove.nu\/?p=10595\" class=\"more-link\">Forts\u00e4tt l\u00e4sa <span class=\"screen-reader-text\">Partiet som blir grinigt mot fr\u00e4mmat folk<\/span><\/a><\/p>\n","protected":false},"author":1,"featured_media":0,"comment_status":"open","ping_status":"open","sticky":false,"template":"","format":"standard","meta":{"_crdt_document":"","_monsterinsights_skip_tracking":false,"_monsterinsights_sitenote_active":false,"_monsterinsights_sitenote_note":"","_monsterinsights_sitenote_category":0,"footnotes":""},"categories":[9],"tags":[16],"class_list":["post-10595","post","type-post","status-publish","format-standard","hentry","category-politik","tag-dumheter"],"_links":{"self":[{"href":"https:\/\/sven-ove.nu\/index.php?rest_route=\/wp\/v2\/posts\/10595","targetHints":{"allow":["GET"]}}],"collection":[{"href":"https:\/\/sven-ove.nu\/index.php?rest_route=\/wp\/v2\/posts"}],"about":[{"href":"https:\/\/sven-ove.nu\/index.php?rest_route=\/wp\/v2\/types\/post"}],"author":[{"embeddable":true,"href":"https:\/\/sven-ove.nu\/index.php?rest_route=\/wp\/v2\/users\/1"}],"replies":[{"embeddable":true,"href":"https:\/\/sven-ove.nu\/index.php?rest_route=%2Fwp%2Fv2%2Fcomments&post=10595"}],"version-history":[{"count":7,"href":"https:\/\/sven-ove.nu\/index.php?rest_route=\/wp\/v2\/posts\/10595\/revisions"}],"predecessor-version":[{"id":10610,"href":"https:\/\/sven-ove.nu\/index.php?rest_route=\/wp\/v2\/posts\/10595\/revisions\/10610"}],"wp:attachment":[{"href":"https:\/\/sven-ove.nu\/index.php?rest_route=%2Fwp%2Fv2%2Fmedia&parent=10595"}],"wp:term":[{"taxonomy":"category","embeddable":true,"href":"https:\/\/sven-ove.nu\/index.php?rest_route=%2Fwp%2Fv2%2Fcategories&post=10595"},{"taxonomy":"post_tag","embeddable":true,"href":"https:\/\/sven-ove.nu\/index.php?rest_route=%2Fwp%2Fv2%2Ftags&post=10595"}],"curies":[{"name":"wp","href":"https:\/\/api.w.org\/{rel}","templated":true}]}}