{"id":10611,"date":"2015-01-31T03:00:51","date_gmt":"2015-01-31T02:00:51","guid":{"rendered":"http:\/\/sven-ove.nu\/?p=10611"},"modified":"2015-02-03T14:54:55","modified_gmt":"2015-02-03T13:54:55","slug":"musik-ar-bast-nar-den-vill-nat","status":"publish","type":"post","link":"https:\/\/sven-ove.nu\/?p=10611","title":{"rendered":"&#8221;Musik \u00e4r b\u00e4st n\u00e4r den vill n\u00e5&#8217;t&#8221;"},"content":{"rendered":"<p><a href=\"https:\/\/sven-ove.nu\/wp-content\/uploads\/2015\/01\/H\u00e5rdrock-f\u00f6r-m\u00e5ngfald-i-Deje1.jpg\"><img loading=\"lazy\" decoding=\"async\" class=\"alignright size-thumbnail wp-image-10616\" src=\"https:\/\/sven-ove.nu\/wp-content\/uploads\/2015\/01\/H\u00e5rdrock-f\u00f6r-m\u00e5ngfald-i-Deje1-150x150.jpg\" alt=\"H\u00e5rdrock f\u00f6r m\u00e5ngfald i Deje\" width=\"150\" height=\"150\" \/><\/a>Det \u00e4r l\u00f6rdag. L\u00e4s inl\u00e4gget fr\u00e5n f\u00f6rra l\u00f6rdagen om du inte sett det f\u00f6rut.\u00a0\u00c5k dit. M\u00e4nniskov\u00e4rdet \u00e4r ett och okr\u00e4nkbart.<\/p>\n<p style=\"text-align: right;\">REPRIS:<br \/>\n<a href=\"https:\/\/sven-ove.nu\/?p=10555\">H\u00e5rdrock f\u00f6r m\u00e5ngfald<\/a><\/p>\n","protected":false},"excerpt":{"rendered":"<p>Det \u00e4r l\u00f6rdag. L\u00e4s inl\u00e4gget fr\u00e5n f\u00f6rra l\u00f6rdagen om du inte sett det f\u00f6rut.\u00a0\u00c5k dit. M\u00e4nniskov\u00e4rdet \u00e4r ett och okr\u00e4nkbart. REPRIS: H\u00e5rdrock f\u00f6r m\u00e5ngfald<\/p>\n","protected":false},"author":1,"featured_media":0,"comment_status":"open","ping_status":"open","sticky":false,"template":"","format":"standard","meta":{"_crdt_document":"","_monsterinsights_skip_tracking":false,"_monsterinsights_sitenote_active":false,"_monsterinsights_sitenote_note":"","_monsterinsights_sitenote_category":0,"footnotes":""},"categories":[9],"tags":[17],"class_list":["post-10611","post","type-post","status-publish","format-standard","hentry","category-politik","tag-solidaritet"],"_links":{"self":[{"href":"https:\/\/sven-ove.nu\/index.php?rest_route=\/wp\/v2\/posts\/10611","targetHints":{"allow":["GET"]}}],"collection":[{"href":"https:\/\/sven-ove.nu\/index.php?rest_route=\/wp\/v2\/posts"}],"about":[{"href":"https:\/\/sven-ove.nu\/index.php?rest_route=\/wp\/v2\/types\/post"}],"author":[{"embeddable":true,"href":"https:\/\/sven-ove.nu\/index.php?rest_route=\/wp\/v2\/users\/1"}],"replies":[{"embeddable":true,"href":"https:\/\/sven-ove.nu\/index.php?rest_route=%2Fwp%2Fv2%2Fcomments&post=10611"}],"version-history":[{"count":5,"href":"https:\/\/sven-ove.nu\/index.php?rest_route=\/wp\/v2\/posts\/10611\/revisions"}],"predecessor-version":[{"id":10618,"href":"https:\/\/sven-ove.nu\/index.php?rest_route=\/wp\/v2\/posts\/10611\/revisions\/10618"}],"wp:attachment":[{"href":"https:\/\/sven-ove.nu\/index.php?rest_route=%2Fwp%2Fv2%2Fmedia&parent=10611"}],"wp:term":[{"taxonomy":"category","embeddable":true,"href":"https:\/\/sven-ove.nu\/index.php?rest_route=%2Fwp%2Fv2%2Fcategories&post=10611"},{"taxonomy":"post_tag","embeddable":true,"href":"https:\/\/sven-ove.nu\/index.php?rest_route=%2Fwp%2Fv2%2Ftags&post=10611"}],"curies":[{"name":"wp","href":"https:\/\/api.w.org\/{rel}","templated":true}]}}