{"id":10619,"date":"2015-02-02T03:00:18","date_gmt":"2015-02-02T02:00:18","guid":{"rendered":"http:\/\/sven-ove.nu\/?p=10619"},"modified":"2015-02-01T13:28:05","modified_gmt":"2015-02-01T12:28:05","slug":"hur-talig-maste-en-kattbild-vara","status":"publish","type":"post","link":"https:\/\/sven-ove.nu\/?p=10619","title":{"rendered":"Hur t\u00f6lig m\u00e5ste en kattbild vara?"},"content":{"rendered":"<p><a href=\"https:\/\/sven-ove.nu\/wp-content\/uploads\/2015\/02\/Blitt-vitt.jpg\"><img loading=\"lazy\" decoding=\"async\" class=\"alignright size-large wp-image-10629\" src=\"https:\/\/sven-ove.nu\/wp-content\/uploads\/2015\/02\/Blitt-vitt-768x1024.jpg\" alt=\"Blitt vitt\" width=\"640\" height=\"853\" srcset=\"https:\/\/sven-ove.nu\/wp-content\/uploads\/2015\/02\/Blitt-vitt-768x1024.jpg 768w, https:\/\/sven-ove.nu\/wp-content\/uploads\/2015\/02\/Blitt-vitt-225x300.jpg 225w, https:\/\/sven-ove.nu\/wp-content\/uploads\/2015\/02\/Blitt-vitt.jpg 1224w\" sizes=\"auto, (max-width: 640px) 100vw, 640px\" \/><\/a><\/p>\n<p>Har hostat i en vecka och sett v\u00e4rlden genom f\u00f6nsterrutan. <em>Vatt blitt, blitt vitt.<\/em> Roligare blir jag inte efter \u00e4nnu en hostnatt som fick g\u00e4stkatten att jama h\u00f6gt i sympati nerifr\u00e5n badrummet.<\/p>\n<p>Jag g\u00e5r hem hos katter. Sp\u00e4dbarn och katter f\u00f6rst\u00e5r mig, jag g\u00f6r mig inte till f\u00f6r dem. L\u00e4gg dig i mitt kn\u00e4 s\u00e5 blir du huvudperson.<\/p>\n<p><strong>FREDAG. <\/strong>Tr\u00e4ffar l\u00e4kare som g\u00f6r mig glad. F\u00e5r m\u00e5nga muntra tillrop av bloggl\u00e4sare om mitt pensionsinl\u00e4gg.<\/p>\n<p>Det ska nog g\u00e5 att f\u00e5 tiden att g\u00e5 \u00e4ven efter 65. N\u00e5gra av mina l\u00e4supplevelser varje dag kommer fr\u00e5n moget folk som v\u00e4grar f\u00f6rtr\u00f6ttas. K\u00e4ra l\u00f6pargudar, skrattargudar och skrivargudar, ge mig ett par matskedar av <a href=\"http:\/\/www.finistere.se\">B:s<\/a>, <a href=\"http:\/\/www.ulflundell.com\/badgers-drift\/\">U:s<\/a>, <a href=\"https:\/\/www.facebook.com\/groups\/frontmotrasism\/\">G:s<\/a> och <a href=\"https:\/\/www.facebook.com\/varmlandslars?fref=tl_fr_box&amp;pnref=lhc.friends\">L:s<\/a> glimt och gnista.<\/p>\n<p><strong><a href=\"https:\/\/sven-ove.nu\/wp-content\/uploads\/2015\/02\/H\u00e5rdrock-f\u00f6r-m\u00e5ngfald.jpg\"><img loading=\"lazy\" decoding=\"async\" class=\"size-medium wp-image-10628 alignleft\" src=\"https:\/\/sven-ove.nu\/wp-content\/uploads\/2015\/02\/H\u00e5rdrock-f\u00f6r-m\u00e5ngfald-300x91.jpg\" alt=\"H\u00e5rdrock f\u00f6r m\u00e5ngfald\" width=\"300\" height=\"91\" srcset=\"https:\/\/sven-ove.nu\/wp-content\/uploads\/2015\/02\/H\u00e5rdrock-f\u00f6r-m\u00e5ngfald-300x91.jpg 300w, https:\/\/sven-ove.nu\/wp-content\/uploads\/2015\/02\/H\u00e5rdrock-f\u00f6r-m\u00e5ngfald-1024x311.jpg 1024w, https:\/\/sven-ove.nu\/wp-content\/uploads\/2015\/02\/H\u00e5rdrock-f\u00f6r-m\u00e5ngfald.jpg 1631w\" sizes=\"auto, (max-width: 300px) 100vw, 300px\" \/><\/a>L\u00d6RDAG. <\/strong>\u00c5ker en mil norrut l\u00e4ngs vinterv\u00e4gar till Deje kulturhus. Tre unga killar ordnar H\u00e5rdrock f\u00f6r m\u00e5ngfald och vi \u00e4lskar det. Ber\u00f6rs av ber\u00e4ttelserna fr\u00e5n tjejen fr\u00e5n Somalia som inte h\u00f6rt fr\u00e5n sin mamma och sina syskon p\u00e5 en m\u00e5nad, fr\u00e5n den unge mannen fr\u00e5n Syrien som vill bli Sveriges b\u00e4sta \u00f6gonl\u00e4kare, fr\u00e5n den avhoppade nazisten som sm\u00e5ningom lyckades byta v\u00e4rderingar d\u00e4rf\u00f6r att en v\u00e4rml\u00e4ndsk polis s\u00e5g m\u00e4nniskan bakom f\u00f6rdomarna, fr\u00e5n h\u00e5rdrockskillarna sj\u00e4lva som gjort sina unga livs viktigaste grupparbete. Hittills.<\/p>\n<p>Vi \u00e4r inte mot, s\u00e4ger Aron, Robin och Jonathan flera g\u00e5nger, vi \u00e4r f\u00f6r. F\u00f6r m\u00e4nsklig m\u00e5ngfald.<\/p>\n<p><strong><a href=\"https:\/\/sven-ove.nu\/wp-content\/uploads\/2015\/02\/Fet-typ.jpg\"><img loading=\"lazy\" decoding=\"async\" class=\"alignright size-medium wp-image-10627\" src=\"https:\/\/sven-ove.nu\/wp-content\/uploads\/2015\/02\/Fet-typ-300x104.jpg\" alt=\"Fet typ\" width=\"300\" height=\"104\" srcset=\"https:\/\/sven-ove.nu\/wp-content\/uploads\/2015\/02\/Fet-typ-300x104.jpg 300w, https:\/\/sven-ove.nu\/wp-content\/uploads\/2015\/02\/Fet-typ.jpg 960w\" sizes=\"auto, (max-width: 300px) 100vw, 300px\" \/><\/a>S\u00d6NDAG. <\/strong>K\u00e4mpar med datorv\u00e5rd och m\u00e4rker att jag borde g\u00f6ra om omslagsbilden till Facebook d\u00e4r jag springer \u00f6ver \u00e4ngen. Tio kilo mindre \u00e4r ett angen\u00e4mt problem. Kanske kunde dra in kinderna ocks\u00e5.<\/p>\n<p>F\u00f6r tredje g\u00e5ngen gal hanen att G\u00f6ran H\u00e4gglund har humor, jag blir s\u00e5 tr\u00f6tt p\u00e5 den galningen. Ja, han har humor, det har Carl Bildt med. Det f\u00f6rl\u00e5ter ingenting. Inte den enes v\u00e5rdk\u00f6er och apoteksf\u00f6rd\u00e4rv, inte den andres oljeaff\u00e4rer i diktaturens utmarker.<\/p>\n<p>Jag vill skratta med folk, inte \u00e5t folk.<\/p>\n<p><strong>TIDIGARE F\u00d6RRA VECKAN.<\/strong> En kv\u00e4ll var min v\u00e4n psykologen i tv. Han fick kommentera trycket som vissa k\u00e4nner inf\u00f6r tr\u00e4ningsv\u00e5gen i v\u00e4rlden och tala om den roliga facebookgruppen Minst 100 psykbryt innan midsommar, som n\u00e5gon bildat. D\u00e5 skrev jag sj\u00e4lv p\u00e5 facebook, hoppas glimten syns:<\/p>\n<p style=\"padding-left: 30px;\"><em>Ser att vissa inte f\u00f6rst\u00e5r att vi \u00e4r n\u00e5gra som g\u00e4rna beh\u00f6ver facebookgruppen 100 pass innan midsommar f\u00f6r att m\u00e5 bra. Den \u00e4r p\u00e5 lek men den tvingar oss att r\u00f6ra oss \u00e4ven regniga tisdagar. Fyra pass i veckan, en del i form av raska promenader, \u00e4r det s\u00e5 farligt?<\/em><\/p>\n<p style=\"padding-left: 30px;\"><em>Ser att vissa inte f\u00f6rst\u00e5r att det \u00e4r helt lagligt att kombinera de 100 passen med medlemskap i grupperna 100 \u00f6l f\u00f6re midsommar, 100 psykbryt innan midsommar, 100 t\u00f6liga kattbilder innan midsommar eller 100 knappt \u00e4tliga m\u00e5ltider innan midsommar.<\/em><\/p>\n<p style=\"padding-left: 30px;\"><em>Ser att vissa inte f\u00f6rst\u00e5r. Otur.<\/em><\/p>\n<p><strong>M\u00c5NDAG MORGON, I DAG.<\/strong> Hostar fortfarande, t\u00f6rs inte springa. M\u00e5nga av mina b\u00e4sta psykbryt har kommit n\u00e4r jag inte f\u00e5tt tr\u00e4na. 100 psykbryt innan midsommar var en kul id\u00e9, synd bara att vissa inte f\u00f6rst\u00e5r att den stora leken \u00e4r l\u00f6ptr\u00e4ningen. L\u00f6paren om n\u00e5gon \u00e4r Homo ludens, den lekande m\u00e4nniskan.<\/p>\n<p>Sp\u00e4nnande med grupperna 100 t\u00f6liga kattbilder innan midsommar och 100 knappt \u00e4tliga m\u00e5ltider innan midsommar. De namnen hittade jag p\u00e5 sj\u00e4lv, snart finns grupperna p\u00e5 riktigt. Det k\u00e4nner jag inom mig.<\/p>\n<p>L\u00f6pning och lekfullhet har r\u00e4ddat liv och f\u00f6rst\u00e5nd p\u00e5 m\u00e5nga m\u00e4nniskor. Det \u00e4r nyttigt att springa sig tr\u00f6tt ibland och rensa skallen. P\u00e5 k\u00f6pet har du kommit ut och f\u00e5tt se naturen byta om n\u00e4r bl\u00f6tt blitt vitt.<\/p>\n<p><a href=\"https:\/\/sven-ove.nu\/wp-content\/uploads\/2015\/02\/Kattbild.jpg\"><img loading=\"lazy\" decoding=\"async\" class=\"alignright size-medium wp-image-10626\" src=\"https:\/\/sven-ove.nu\/wp-content\/uploads\/2015\/02\/Kattbild-225x300.jpg\" alt=\"Kattbild\" width=\"225\" height=\"300\" srcset=\"https:\/\/sven-ove.nu\/wp-content\/uploads\/2015\/02\/Kattbild-225x300.jpg 225w, https:\/\/sven-ove.nu\/wp-content\/uploads\/2015\/02\/Kattbild-768x1024.jpg 768w, https:\/\/sven-ove.nu\/wp-content\/uploads\/2015\/02\/Kattbild.jpg 1224w\" sizes=\"auto, (max-width: 225px) 100vw, 225px\" \/><\/a>Hur t\u00f6lig m\u00e5ste en kattbild vara f\u00f6r att f\u00e5 kallas t\u00f6lig enligt internationella Grossbolstorpsreglerna? Knepigt. Inte blir det l\u00e4ttare av att jag k\u00e4nner typen som skriver reglerna.<\/p>\n<p>Den \u00e4\u2019 t\u00f6lig han.<\/p>\n<p style=\"padding-left: 30px;\"><em>T\u00f6lig: v\u00e4rml\u00e4ndska f\u00f6r tjatig, tr\u00e5kig.<\/em><\/p>\n","protected":false},"excerpt":{"rendered":"<p>Har hostat i en vecka och sett v\u00e4rlden genom f\u00f6nsterrutan. Vatt blitt, blitt vitt. Roligare blir jag inte efter \u00e4nnu en hostnatt som fick g\u00e4stkatten att jama h\u00f6gt i sympati nerifr\u00e5n badrummet. Jag g\u00e5r hem hos katter. Sp\u00e4dbarn och katter f\u00f6rst\u00e5r mig, jag g\u00f6r mig inte till f\u00f6r dem. L\u00e4gg dig i mitt kn\u00e4 s\u00e5 &hellip; <a href=\"https:\/\/sven-ove.nu\/?p=10619\" class=\"more-link\">Forts\u00e4tt l\u00e4sa <span class=\"screen-reader-text\">Hur t\u00f6lig m\u00e5ste en kattbild vara?<\/span><\/a><\/p>\n","protected":false},"author":1,"featured_media":0,"comment_status":"open","ping_status":"open","sticky":false,"template":"","format":"standard","meta":{"_crdt_document":"","_monsterinsights_skip_tracking":false,"_monsterinsights_sitenote_active":false,"_monsterinsights_sitenote_note":"","_monsterinsights_sitenote_category":0,"footnotes":""},"categories":[10,5,6,9,4],"tags":[15,21,17],"class_list":["post-10619","post","type-post","status-publish","format-standard","hentry","category-familjen","category-lopning","category-natur","category-politik","category-skrivande","tag-mediedjungeln","tag-ord","tag-solidaritet"],"_links":{"self":[{"href":"https:\/\/sven-ove.nu\/index.php?rest_route=\/wp\/v2\/posts\/10619","targetHints":{"allow":["GET"]}}],"collection":[{"href":"https:\/\/sven-ove.nu\/index.php?rest_route=\/wp\/v2\/posts"}],"about":[{"href":"https:\/\/sven-ove.nu\/index.php?rest_route=\/wp\/v2\/types\/post"}],"author":[{"embeddable":true,"href":"https:\/\/sven-ove.nu\/index.php?rest_route=\/wp\/v2\/users\/1"}],"replies":[{"embeddable":true,"href":"https:\/\/sven-ove.nu\/index.php?rest_route=%2Fwp%2Fv2%2Fcomments&post=10619"}],"version-history":[{"count":8,"href":"https:\/\/sven-ove.nu\/index.php?rest_route=\/wp\/v2\/posts\/10619\/revisions"}],"predecessor-version":[{"id":10631,"href":"https:\/\/sven-ove.nu\/index.php?rest_route=\/wp\/v2\/posts\/10619\/revisions\/10631"}],"wp:attachment":[{"href":"https:\/\/sven-ove.nu\/index.php?rest_route=%2Fwp%2Fv2%2Fmedia&parent=10619"}],"wp:term":[{"taxonomy":"category","embeddable":true,"href":"https:\/\/sven-ove.nu\/index.php?rest_route=%2Fwp%2Fv2%2Fcategories&post=10619"},{"taxonomy":"post_tag","embeddable":true,"href":"https:\/\/sven-ove.nu\/index.php?rest_route=%2Fwp%2Fv2%2Ftags&post=10619"}],"curies":[{"name":"wp","href":"https:\/\/api.w.org\/{rel}","templated":true}]}}