{"id":10632,"date":"2015-02-03T03:00:28","date_gmt":"2015-02-03T02:00:28","guid":{"rendered":"http:\/\/sven-ove.nu\/?p=10632"},"modified":"2015-02-02T18:09:43","modified_gmt":"2015-02-02T17:09:43","slug":"oser-sno-och-tanker-pa-doden","status":"publish","type":"post","link":"https:\/\/sven-ove.nu\/?p=10632","title":{"rendered":"\u00d6ser sn\u00f6 och t\u00e4nker p\u00e5 d\u00f6den"},"content":{"rendered":"<p>En dag \u00f6ser jag sn\u00f6 och t\u00e4nker p\u00e5 d\u00f6den.<br \/>\nSn\u00f6n dansar, tankarna yr.<\/p>\n<p><a href=\"https:\/\/sven-ove.nu\/wp-content\/uploads\/2015\/02\/Isruta.jpg\"><img loading=\"lazy\" decoding=\"async\" class=\"size-medium wp-image-10634 alignleft\" src=\"https:\/\/sven-ove.nu\/wp-content\/uploads\/2015\/02\/Isruta-109x300.jpg\" alt=\"Isruta\" width=\"109\" height=\"300\" \/><\/a>Sn\u00f6\u00f6sning tycker jag om. Det \u00e4r ett s\u00e5 roligt ord med tv\u00e5 \u00f6 mitt inuti. V\u00e4rlden \u00e4r redan fin n\u00e4r sn\u00f6\u00f6sning beh\u00f6vs och g\u00f6r du r\u00e4tt blir den \u00e4nnu vackrare efter din sn\u00f6\u00f6sning. Du m\u00e4rker att jag gillar\u2019t va\u2019? Sn\u00f6\u00f6sning, sn\u00f6\u00f6sning, sn\u00f6\u00f6sning.<\/p>\n<p>&#8211; Va\u2019 \u00f6ser du sn\u00f6gen m\u00e4?<br \/>\n&#8211; Sk\u00f4vla.<br \/>\n\u00c4ven det \u00e4r ett flitigt och hedersamt ord i dessa tider.<\/p>\n<p>Om d\u00f6den har jag intet nytt att rapportera. Vi har haft ett allvarligt samtal och han har lovat avvakta. Trappan beh\u00f6ver sopas.<\/p>\n<p>Vart \u00e4\u2019 b\u00f4rsten?<\/p>\n<p style=\"text-align: right;\"><em><a href=\"https:\/\/sven-ove.nu\/wp-content\/uploads\/2015\/02\/Sn\u00f6skyffel.jpg\"><img loading=\"lazy\" decoding=\"async\" class=\"size-thumbnail wp-image-10636 alignright\" src=\"https:\/\/sven-ove.nu\/wp-content\/uploads\/2015\/02\/Sn\u00f6skyffel-150x150.jpg\" alt=\"Sn\u00f6skyffel\" width=\"150\" height=\"150\" \/><\/a><\/em><\/p>\n<p style=\"text-align: right;\"><em>Sn\u00f6gen:\u00a0<\/em>sn\u00f6n<em>.<br \/>\n<\/em><em>M\u00e4:\u00a0<\/em>med<em>.<br \/>\n<\/em><em>Sk\u00f4vla:\u00a0<\/em>skoveln<em>.<br \/>\n<\/em><em>Vart:\u00a0<\/em>var<em>.<br \/>\n<\/em><em>B\u00f4rsten:\u00a0<\/em>borsten<em>.<\/em><\/p>\n","protected":false},"excerpt":{"rendered":"<p>En dag \u00f6ser jag sn\u00f6 och t\u00e4nker p\u00e5 d\u00f6den. Sn\u00f6n dansar, tankarna yr. Sn\u00f6\u00f6sning tycker jag om. Det \u00e4r ett s\u00e5 roligt ord med tv\u00e5 \u00f6 mitt inuti. V\u00e4rlden \u00e4r redan fin n\u00e4r sn\u00f6\u00f6sning beh\u00f6vs och g\u00f6r du r\u00e4tt blir den \u00e4nnu vackrare efter din sn\u00f6\u00f6sning. Du m\u00e4rker att jag gillar\u2019t va\u2019? Sn\u00f6\u00f6sning, sn\u00f6\u00f6sning, sn\u00f6\u00f6sning. &hellip; <a href=\"https:\/\/sven-ove.nu\/?p=10632\" class=\"more-link\">Forts\u00e4tt l\u00e4sa <span class=\"screen-reader-text\">\u00d6ser sn\u00f6 och t\u00e4nker p\u00e5 d\u00f6den<\/span><\/a><\/p>\n","protected":false},"author":1,"featured_media":0,"comment_status":"open","ping_status":"open","sticky":false,"template":"","format":"standard","meta":{"_crdt_document":"","_monsterinsights_skip_tracking":false,"_monsterinsights_sitenote_active":false,"_monsterinsights_sitenote_note":"","_monsterinsights_sitenote_category":0,"footnotes":""},"categories":[10],"tags":[21,13],"class_list":["post-10632","post","type-post","status-publish","format-standard","hentry","category-familjen","tag-ord","tag-utrustning"],"_links":{"self":[{"href":"https:\/\/sven-ove.nu\/index.php?rest_route=\/wp\/v2\/posts\/10632","targetHints":{"allow":["GET"]}}],"collection":[{"href":"https:\/\/sven-ove.nu\/index.php?rest_route=\/wp\/v2\/posts"}],"about":[{"href":"https:\/\/sven-ove.nu\/index.php?rest_route=\/wp\/v2\/types\/post"}],"author":[{"embeddable":true,"href":"https:\/\/sven-ove.nu\/index.php?rest_route=\/wp\/v2\/users\/1"}],"replies":[{"embeddable":true,"href":"https:\/\/sven-ove.nu\/index.php?rest_route=%2Fwp%2Fv2%2Fcomments&post=10632"}],"version-history":[{"count":4,"href":"https:\/\/sven-ove.nu\/index.php?rest_route=\/wp\/v2\/posts\/10632\/revisions"}],"predecessor-version":[{"id":10638,"href":"https:\/\/sven-ove.nu\/index.php?rest_route=\/wp\/v2\/posts\/10632\/revisions\/10638"}],"wp:attachment":[{"href":"https:\/\/sven-ove.nu\/index.php?rest_route=%2Fwp%2Fv2%2Fmedia&parent=10632"}],"wp:term":[{"taxonomy":"category","embeddable":true,"href":"https:\/\/sven-ove.nu\/index.php?rest_route=%2Fwp%2Fv2%2Fcategories&post=10632"},{"taxonomy":"post_tag","embeddable":true,"href":"https:\/\/sven-ove.nu\/index.php?rest_route=%2Fwp%2Fv2%2Ftags&post=10632"}],"curies":[{"name":"wp","href":"https:\/\/api.w.org\/{rel}","templated":true}]}}