{"id":10640,"date":"2015-02-04T03:00:31","date_gmt":"2015-02-04T02:00:31","guid":{"rendered":"http:\/\/sven-ove.nu\/?p=10640"},"modified":"2015-02-04T06:47:17","modified_gmt":"2015-02-04T05:47:17","slug":"fortsatt-smalta-inlandsisen","status":"publish","type":"post","link":"https:\/\/sven-ove.nu\/?p=10640","title":{"rendered":"Forts\u00e4tt sm\u00e4lta inlandsisen"},"content":{"rendered":"<p><a href=\"https:\/\/sven-ove.nu\/wp-content\/uploads\/2015\/02\/Morgonhimlen.jpg\"><img loading=\"lazy\" decoding=\"async\" class=\"alignright size-large wp-image-10642\" src=\"https:\/\/sven-ove.nu\/wp-content\/uploads\/2015\/02\/Morgonhimlen-1024x462.jpg\" alt=\"Morgonhimlen\" width=\"640\" height=\"288\" srcset=\"https:\/\/sven-ove.nu\/wp-content\/uploads\/2015\/02\/Morgonhimlen-1024x462.jpg 1024w, https:\/\/sven-ove.nu\/wp-content\/uploads\/2015\/02\/Morgonhimlen-300x135.jpg 300w, https:\/\/sven-ove.nu\/wp-content\/uploads\/2015\/02\/Morgonhimlen.jpg 1332w\" sizes=\"auto, (max-width: 640px) 100vw, 640px\" \/><\/a><\/p>\n<p>Hur kan vi p\u00e5 b\u00e4sta s\u00e4tt ta emot folk som beh\u00f6ver oss och som vi beh\u00f6ver? Den fr\u00e5gan borde svenska partier ha tagit itu med f\u00f6r 30 \u00e5r sedan. Invandringen kallar vissa det, integrationen s\u00e4ger andra.<\/p>\n<p>Jag s\u00e4ger v\u00e4lkomna, ge m\u00f6jlighet.<br \/>\nV\u00e5rt land \u00e4r stort.<\/p>\n<p><strong>Deras fel<br \/>\n<\/strong>Sakta spricker Sverige och djupt nere i dunklet i klyftan ropar m\u00f6rkerm\u00e4nnen. &#8221;\u00c4r du otrygg?&#8221; ropar de. &#8221;\u00c4r du or\u00e4ttvist behandlad? Har du blivit av med jobbet, \u00e4r din bygd nedlagd?&#8221;<\/p>\n<p>Sedan ljuger de oss en m\u00e5nghundra\u00e5rig ramsa. L\u00f6gnen handlar om syndabockar, hela folk av syndabockar. &#8221;Allt \u00e4r deras fel&#8221; ropar de och pekar finger. Det \u00e4r bort\u00e5t grannbyn de pekar. Bort\u00e5t V\u00e4se. Bort\u00e5t andra sidan Kilsbergen. Bort\u00e5t Europa eller Rum\u00e4nien eller vad det heter. D\u00e4r borta, d\u00e4r bor folk som inte pratar som vi. Folk som inte ser ut som vi. Det \u00e4r deras fel. H\u00e4r p\u00e5 trakten \u00e4r vi of\u00e4rgade. Varenda en h\u00e4r i socknen \u00e4r f\u00e4rgl\u00f6s, grissk\u00e4rt \u00e4r ingen f\u00e4rg. Inte sitter vi p\u00e5 gatan och fryser.<\/p>\n<p><a href=\"https:\/\/sven-ove.nu\/wp-content\/uploads\/2015\/02\/Varf\u00f6r-s\u00e4ger-du-s\u00e5.jpg\"><img loading=\"lazy\" decoding=\"async\" class=\"alignright size-thumbnail wp-image-10644\" src=\"https:\/\/sven-ove.nu\/wp-content\/uploads\/2015\/02\/Varf\u00f6r-s\u00e4ger-du-s\u00e5-150x150.jpg\" alt=\"Varf\u00f6r s\u00e4ger du s\u00e5\" width=\"150\" height=\"150\" \/><\/a>&#8221;Allting \u00e4r deras fel!&#8221; gapar m\u00f6rkerm\u00e4nnen. &#8221;Allt dumt ni kan komma p\u00e5 och mycket mer \u00e4nd\u00e5&#8221;. Folk som flydde fr\u00e5n kriget i Jugoslavien. Folk som flydde fr\u00e5n kriget i Irak. Folk som flyr fr\u00e5n kriget i Syrien. Romer. Judar. Folk med z i namnet (om dom inte spelar i dansband).<\/p>\n<p>Deras fel \u00e4r det.<br \/>\nAllting \u00e4r deras fel, nageltr\u00e5nget ocks\u00e5.<\/p>\n<p><strong>Arbetsl\u00f6sa n\u00e4r jobb beh\u00f6ver g\u00f6ras<br \/>\n<\/strong>I m\u00e5nga hundra \u00e5r har m\u00f6rkerm\u00e4nnen ropat. Sj\u00e4lva var de alltid h\u00e4r &#8221;f\u00f6rst&#8221;. P\u00e5 varje bergsknalle, i varje dal, var de \u201df\u00f6rst\u201d fast samerna var f\u00f6re. Sj\u00e4lva har de alltid talat &#8221;r\u00e4tta ursvenskan&#8221;, fast spr\u00e5ket \u00e4ndrar sig hela tiden och en g\u00e5ng kom hit som anh\u00f6riginvandrare, det med.<strong><br \/>\n<\/strong><\/p>\n<p>Det finns inga syndabockar. Ramsan var l\u00f6gn fr\u00e5n b\u00f6rjan. Vi beh\u00f6ver ropa andra ord. Ett s\u00e4rskilt vackert ord kom ocks\u00e5 invandrande s\u00f6derifr\u00e5n. Det ordet heter solidaritet. Solidariteten beh\u00f6ver r\u00f6ster som ropar vackra ord.<\/p>\n<p>Vi beh\u00f6ver bli klokare p\u00e5 att v\u00e4lkomna de nya hit och fort ge dem m\u00f6jlighet till spr\u00e5k och arbete. Det \u00e4r vansinne att st\u00e4nga inne medm\u00e4nniskor i sysslol\u00f6shet n\u00e4r Sverige \u00e4r fullt av jobb som beh\u00f6ver g\u00f6ras. All arbetsl\u00f6shet \u00e4r korkad och bevisar att n\u00e5got \u00e4r fel. Vi f\u00f6rs\u00f6rjer varandra men den ene sliter kroppen av sig p\u00e5 att arbeta medan den andre sliter sj\u00e4len av sig p\u00e5 att inte arbeta.<\/p>\n<p>\u00d6verallt finns jobb som beh\u00f6ver g\u00f6ras.<br \/>\nAtt se det.<\/p>\n<p><strong>S\u00e4msta sortens klasskamp<br \/>\n<a href=\"https:\/\/sven-ove.nu\/wp-content\/uploads\/2015\/02\/Odling.jpg\"><img loading=\"lazy\" decoding=\"async\" class=\"alignright size-medium wp-image-10646\" src=\"https:\/\/sven-ove.nu\/wp-content\/uploads\/2015\/02\/Odling-224x300.jpg\" alt=\"OLYMPUS DIGITAL CAMERA\" width=\"224\" height=\"300\" srcset=\"https:\/\/sven-ove.nu\/wp-content\/uploads\/2015\/02\/Odling-224x300.jpg 224w, https:\/\/sven-ove.nu\/wp-content\/uploads\/2015\/02\/Odling-768x1024.jpg 768w, https:\/\/sven-ove.nu\/wp-content\/uploads\/2015\/02\/Odling.jpg 1704w\" sizes=\"auto, (max-width: 224px) 100vw, 224px\" \/><\/a><\/strong>Sakta spricker Sverige och djupt nere i dunklet i klyftan ropar m\u00f6rkerm\u00e4nnen. De vill st\u00e4lla fattig mot fattig. Fall inte i den f\u00e4llan, det \u00e4r den s\u00e4msta sortens klasskamp. Sparka ned\u00e5t \u00e4r fegt. G\u00f6r om och g\u00f6r r\u00e4tt. Det finns en b\u00e4ttre analys.<\/p>\n<p>N\u00e4r isen sm\u00e4lte kom m\u00e4nniskan hit. Hon \u00e4r v\u00e4lkommen. Det finns massor att ta itu med. Kom s\u00e5 g\u00f6r vi det, kom s\u00e5 forts\u00e4tter vi sm\u00e4lta inlandsisen.<\/p>\n<p>Hurra!<\/p>\n<p style=\"padding-left: 30px;\"><em>Sk\u00f6nt att mitt l\u00e4n har\u00a0tv\u00e5 morgontidningar.\u00a0H\u00e4r \u00e4r tv\u00e5 gl\u00e4dje\u00e4mnen fr\u00e5n i dag:<br \/>\n<\/em><em><a href=\"http:\/\/www.vf.se\/asikter\/ledare\/sds-obehagliga-manniskosyn\">VF-ledarstick: SD:s obehagliga m\u00e4nniskosyn<br \/>\n<\/a><\/em><em><a href=\"http:\/\/www.vf.se\/asikter\/ledare\/ta-vara-pa-kompetensen\">VF-ledare: Ta vara p\u00e5 kompetensen<\/a><\/em><\/p>\n","protected":false},"excerpt":{"rendered":"<p>Hur kan vi p\u00e5 b\u00e4sta s\u00e4tt ta emot folk som beh\u00f6ver oss och som vi beh\u00f6ver? Den fr\u00e5gan borde svenska partier ha tagit itu med f\u00f6r 30 \u00e5r sedan. Invandringen kallar vissa det, integrationen s\u00e4ger andra. Jag s\u00e4ger v\u00e4lkomna, ge m\u00f6jlighet. V\u00e5rt land \u00e4r stort. Deras fel Sakta spricker Sverige och djupt nere i dunklet &hellip; <a href=\"https:\/\/sven-ove.nu\/?p=10640\" class=\"more-link\">Forts\u00e4tt l\u00e4sa <span class=\"screen-reader-text\">Forts\u00e4tt sm\u00e4lta inlandsisen<\/span><\/a><\/p>\n","protected":false},"author":1,"featured_media":0,"comment_status":"open","ping_status":"open","sticky":false,"template":"","format":"standard","meta":{"_crdt_document":"","_monsterinsights_skip_tracking":false,"_monsterinsights_sitenote_active":false,"_monsterinsights_sitenote_note":"","_monsterinsights_sitenote_category":0,"footnotes":""},"categories":[6,9],"tags":[3,16,8,17],"class_list":["post-10640","post","type-post","status-publish","format-standard","hentry","category-natur","category-politik","tag-arbete","tag-dumheter","tag-historia","tag-solidaritet"],"_links":{"self":[{"href":"https:\/\/sven-ove.nu\/index.php?rest_route=\/wp\/v2\/posts\/10640","targetHints":{"allow":["GET"]}}],"collection":[{"href":"https:\/\/sven-ove.nu\/index.php?rest_route=\/wp\/v2\/posts"}],"about":[{"href":"https:\/\/sven-ove.nu\/index.php?rest_route=\/wp\/v2\/types\/post"}],"author":[{"embeddable":true,"href":"https:\/\/sven-ove.nu\/index.php?rest_route=\/wp\/v2\/users\/1"}],"replies":[{"embeddable":true,"href":"https:\/\/sven-ove.nu\/index.php?rest_route=%2Fwp%2Fv2%2Fcomments&post=10640"}],"version-history":[{"count":8,"href":"https:\/\/sven-ove.nu\/index.php?rest_route=\/wp\/v2\/posts\/10640\/revisions"}],"predecessor-version":[{"id":10651,"href":"https:\/\/sven-ove.nu\/index.php?rest_route=\/wp\/v2\/posts\/10640\/revisions\/10651"}],"wp:attachment":[{"href":"https:\/\/sven-ove.nu\/index.php?rest_route=%2Fwp%2Fv2%2Fmedia&parent=10640"}],"wp:term":[{"taxonomy":"category","embeddable":true,"href":"https:\/\/sven-ove.nu\/index.php?rest_route=%2Fwp%2Fv2%2Fcategories&post=10640"},{"taxonomy":"post_tag","embeddable":true,"href":"https:\/\/sven-ove.nu\/index.php?rest_route=%2Fwp%2Fv2%2Ftags&post=10640"}],"curies":[{"name":"wp","href":"https:\/\/api.w.org\/{rel}","templated":true}]}}