{"id":10652,"date":"2015-02-05T03:00:17","date_gmt":"2015-02-05T02:00:17","guid":{"rendered":"http:\/\/sven-ove.nu\/?p=10652"},"modified":"2015-02-04T19:12:25","modified_gmt":"2015-02-04T18:12:25","slug":"skamta-aldrig-med-en-deltidsbrandman","status":"publish","type":"post","link":"https:\/\/sven-ove.nu\/?p=10652","title":{"rendered":"Sk\u00e4mta aldrig med en deltidsbrandman"},"content":{"rendered":"<p>F\u00f6rr tyckte jag alltid s\u00e5 synd om den som var minister utan portf\u00f6lj.<br \/>\nJusteringsman m\u00e5ste vara en f\u00f6rf\u00e4rligt tr\u00e4lig syssla. H\u00e5lla p\u00e5 och justera folk hela dagarna, jag tycker inte om v\u00e5ld.<br \/>\nJag k\u00e4nner en m\u00e4nniska med universums vemodigaste titel. F\u00f6re detta sakkunnig.<\/p>\n<p><a href=\"https:\/\/sven-ove.nu\/wp-content\/uploads\/2015\/02\/I-v\u00e4tan.jpg\"><img loading=\"lazy\" decoding=\"async\" class=\"alignright size-medium wp-image-10654\" src=\"https:\/\/sven-ove.nu\/wp-content\/uploads\/2015\/02\/I-v\u00e4tan-119x300.jpg\" alt=\"OLYMPUS DIGITAL CAMERA\" width=\"119\" height=\"300\" srcset=\"https:\/\/sven-ove.nu\/wp-content\/uploads\/2015\/02\/I-v\u00e4tan-119x300.jpg 119w, https:\/\/sven-ove.nu\/wp-content\/uploads\/2015\/02\/I-v\u00e4tan-407x1024.jpg 407w, https:\/\/sven-ove.nu\/wp-content\/uploads\/2015\/02\/I-v\u00e4tan.jpg 672w\" sizes=\"auto, (max-width: 119px) 100vw, 119px\" \/><\/a>I m\u00e5ndags s\u00e5g jag en r\u00e4v. En riktig m\u00f6tesr\u00e4v. Han fick p\u00e5 p\u00e4lsen men hade skinn p\u00e5 n\u00e4san och tog en debatt som blivit lite efter alla de andra. Sedan tog han sig en benstr\u00e4ckare fr\u00e5n norra kommundelen. Efter\u00e5t var han m\u00e4tt p\u00e5 m\u00f6ten. Detta h\u00e4nde i konferensrummet Gl\u00e4ntan.<\/p>\n<p>Bryggkaffe g\u00e5r b\u00e4st i kusttrakter.<br \/>\nBordl\u00e4ggning \u00e4r popul\u00e4rt klockan 22.45 i de flesta b\u00e5ts\u00e4llskap.<\/p>\n<p>Sk\u00e4mta aldrig med en deltidsbrandman om l\u00e5gskor.<\/p>\n","protected":false},"excerpt":{"rendered":"<p>F\u00f6rr tyckte jag alltid s\u00e5 synd om den som var minister utan portf\u00f6lj. Justeringsman m\u00e5ste vara en f\u00f6rf\u00e4rligt tr\u00e4lig syssla. H\u00e5lla p\u00e5 och justera folk hela dagarna, jag tycker inte om v\u00e5ld. Jag k\u00e4nner en m\u00e4nniska med universums vemodigaste titel. F\u00f6re detta sakkunnig. I m\u00e5ndags s\u00e5g jag en r\u00e4v. En riktig m\u00f6tesr\u00e4v. Han fick p\u00e5 &hellip; <a href=\"https:\/\/sven-ove.nu\/?p=10652\" class=\"more-link\">Forts\u00e4tt l\u00e4sa <span class=\"screen-reader-text\">Sk\u00e4mta aldrig med en deltidsbrandman<\/span><\/a><\/p>\n","protected":false},"author":1,"featured_media":0,"comment_status":"open","ping_status":"open","sticky":false,"template":"","format":"standard","meta":{"_crdt_document":"","_monsterinsights_skip_tracking":false,"_monsterinsights_sitenote_active":false,"_monsterinsights_sitenote_note":"","_monsterinsights_sitenote_category":0,"footnotes":""},"categories":[9],"tags":[16,21,20],"class_list":["post-10652","post","type-post","status-publish","format-standard","hentry","category-politik","tag-dumheter","tag-ord","tag-rad"],"_links":{"self":[{"href":"https:\/\/sven-ove.nu\/index.php?rest_route=\/wp\/v2\/posts\/10652","targetHints":{"allow":["GET"]}}],"collection":[{"href":"https:\/\/sven-ove.nu\/index.php?rest_route=\/wp\/v2\/posts"}],"about":[{"href":"https:\/\/sven-ove.nu\/index.php?rest_route=\/wp\/v2\/types\/post"}],"author":[{"embeddable":true,"href":"https:\/\/sven-ove.nu\/index.php?rest_route=\/wp\/v2\/users\/1"}],"replies":[{"embeddable":true,"href":"https:\/\/sven-ove.nu\/index.php?rest_route=%2Fwp%2Fv2%2Fcomments&post=10652"}],"version-history":[{"count":2,"href":"https:\/\/sven-ove.nu\/index.php?rest_route=\/wp\/v2\/posts\/10652\/revisions"}],"predecessor-version":[{"id":10655,"href":"https:\/\/sven-ove.nu\/index.php?rest_route=\/wp\/v2\/posts\/10652\/revisions\/10655"}],"wp:attachment":[{"href":"https:\/\/sven-ove.nu\/index.php?rest_route=%2Fwp%2Fv2%2Fmedia&parent=10652"}],"wp:term":[{"taxonomy":"category","embeddable":true,"href":"https:\/\/sven-ove.nu\/index.php?rest_route=%2Fwp%2Fv2%2Fcategories&post=10652"},{"taxonomy":"post_tag","embeddable":true,"href":"https:\/\/sven-ove.nu\/index.php?rest_route=%2Fwp%2Fv2%2Ftags&post=10652"}],"curies":[{"name":"wp","href":"https:\/\/api.w.org\/{rel}","templated":true}]}}