{"id":10697,"date":"2015-02-10T03:00:24","date_gmt":"2015-02-10T02:00:24","guid":{"rendered":"http:\/\/sven-ove.nu\/?p=10697"},"modified":"2015-02-09T18:02:36","modified_gmt":"2015-02-09T17:02:36","slug":"overklassen-petar-nasan","status":"publish","type":"post","link":"https:\/\/sven-ove.nu\/?p=10697","title":{"rendered":"\u00d6verklassen petar n\u00e4san"},"content":{"rendered":"<p style=\"text-align: right;\"><a href=\"https:\/\/sven-ove.nu\/wp-content\/uploads\/2015\/02\/N\u00e4spetarartikel.jpg\"><img loading=\"lazy\" decoding=\"async\" class=\"alignleft size-large wp-image-10699\" src=\"https:\/\/sven-ove.nu\/wp-content\/uploads\/2015\/02\/N\u00e4spetarartikel-1024x455.jpg\" alt=\"N\u00e4spetarartikel\" width=\"640\" height=\"284\" srcset=\"https:\/\/sven-ove.nu\/wp-content\/uploads\/2015\/02\/N\u00e4spetarartikel-1024x455.jpg 1024w, https:\/\/sven-ove.nu\/wp-content\/uploads\/2015\/02\/N\u00e4spetarartikel-300x133.jpg 300w, https:\/\/sven-ove.nu\/wp-content\/uploads\/2015\/02\/N\u00e4spetarartikel.jpg 1541w\" sizes=\"auto, (max-width: 640px) 100vw, 640px\" \/><\/a><\/p>\n<p style=\"padding-left: 420px; text-align: left;\"><em>Petad.<\/em><\/p>\n<p style=\"text-align: left;\">\u00d6verklassen petar ocks\u00e5 n\u00e4san, <a href=\"http:\/\/www.vf.se\/nyheter\/allman\/nasor-petas-i-alla-samhallsklasser\">l\u00e4ser jag<\/a> i min morgontidning. \u00a0Och SCA tycks ha bildat flygbolag.<\/p>\n<p>Vad blir det h\u00e4rn\u00e4st? Att SAS g\u00e5r \u00e5t skogen? Att kungen visar sig bajsa som vilket normalbeg\u00e5vat aschle som helst?<\/p>\n<p>Gr\u00e4v, forskare.<br \/>\nGr\u00e4v.<\/p>\n","protected":false},"excerpt":{"rendered":"<p>Petad. \u00d6verklassen petar ocks\u00e5 n\u00e4san, l\u00e4ser jag i min morgontidning. \u00a0Och SCA tycks ha bildat flygbolag. Vad blir det h\u00e4rn\u00e4st? Att SAS g\u00e5r \u00e5t skogen? Att kungen visar sig bajsa som vilket normalbeg\u00e5vat aschle som helst? Gr\u00e4v, forskare. Gr\u00e4v.<\/p>\n","protected":false},"author":1,"featured_media":0,"comment_status":"open","ping_status":"open","sticky":false,"template":"","format":"standard","meta":{"_crdt_document":"","_monsterinsights_skip_tracking":false,"_monsterinsights_sitenote_active":false,"_monsterinsights_sitenote_note":"","_monsterinsights_sitenote_category":0,"footnotes":""},"categories":[6],"tags":[16,14,15],"class_list":["post-10697","post","type-post","status-publish","format-standard","hentry","category-natur","tag-dumheter","tag-lasning","tag-mediedjungeln"],"_links":{"self":[{"href":"https:\/\/sven-ove.nu\/index.php?rest_route=\/wp\/v2\/posts\/10697","targetHints":{"allow":["GET"]}}],"collection":[{"href":"https:\/\/sven-ove.nu\/index.php?rest_route=\/wp\/v2\/posts"}],"about":[{"href":"https:\/\/sven-ove.nu\/index.php?rest_route=\/wp\/v2\/types\/post"}],"author":[{"embeddable":true,"href":"https:\/\/sven-ove.nu\/index.php?rest_route=\/wp\/v2\/users\/1"}],"replies":[{"embeddable":true,"href":"https:\/\/sven-ove.nu\/index.php?rest_route=%2Fwp%2Fv2%2Fcomments&post=10697"}],"version-history":[{"count":8,"href":"https:\/\/sven-ove.nu\/index.php?rest_route=\/wp\/v2\/posts\/10697\/revisions"}],"predecessor-version":[{"id":10706,"href":"https:\/\/sven-ove.nu\/index.php?rest_route=\/wp\/v2\/posts\/10697\/revisions\/10706"}],"wp:attachment":[{"href":"https:\/\/sven-ove.nu\/index.php?rest_route=%2Fwp%2Fv2%2Fmedia&parent=10697"}],"wp:term":[{"taxonomy":"category","embeddable":true,"href":"https:\/\/sven-ove.nu\/index.php?rest_route=%2Fwp%2Fv2%2Fcategories&post=10697"},{"taxonomy":"post_tag","embeddable":true,"href":"https:\/\/sven-ove.nu\/index.php?rest_route=%2Fwp%2Fv2%2Ftags&post=10697"}],"curies":[{"name":"wp","href":"https:\/\/api.w.org\/{rel}","templated":true}]}}