{"id":10707,"date":"2015-02-14T03:00:20","date_gmt":"2015-02-14T02:00:20","guid":{"rendered":"http:\/\/sven-ove.nu\/?p=10707"},"modified":"2015-02-11T08:37:38","modified_gmt":"2015-02-11T07:37:38","slug":"pa-gransen-till-det-privata","status":"publish","type":"post","link":"https:\/\/sven-ove.nu\/?p=10707","title":{"rendered":"P\u00e5 gr\u00e4nsen till det privata"},"content":{"rendered":"<p><a href=\"https:\/\/sven-ove.nu\/wp-content\/uploads\/2015\/02\/Lampa.jpg\"><img loading=\"lazy\" decoding=\"async\" class=\"alignleft size-large wp-image-10709\" src=\"https:\/\/sven-ove.nu\/wp-content\/uploads\/2015\/02\/Lampa-1024x227.jpg\" alt=\"Lampa\" width=\"640\" height=\"141\" srcset=\"https:\/\/sven-ove.nu\/wp-content\/uploads\/2015\/02\/Lampa-1024x227.jpg 1024w, https:\/\/sven-ove.nu\/wp-content\/uploads\/2015\/02\/Lampa-300x66.jpg 300w, https:\/\/sven-ove.nu\/wp-content\/uploads\/2015\/02\/Lampa.jpg 1632w\" sizes=\"auto, (max-width: 640px) 100vw, 640px\" \/><\/a><\/p>\n<p>Det h\u00e4r \u00e4r en blogg om att skriva, springa, leva\u2026 ja, du ser beskrivningen upptill. Du hittar inga bilder fr\u00e5n mitt privataste liv h\u00e4r, personlig vill jag vara men det finns en gr\u00e4ns.<\/p>\n<p>Ett av de vanligare orden i mina facebookkommentarer \u00e4r \u201dTrivs\u201d. Det \u00e4r sant varenda g\u00e5ng, jag brukar vara glad. Den k\u00e4ra v\u00e4nnen och jag har best\u00e4mt att vi ska skratta tillsammans minst tre g\u00e5nger om dagen. \u00c4n har det aldrig varit n\u00e5gra problem. Det g\u00e5r att skratta, \u00e4ven de tyngsta av dagar.<\/p>\n<p>Ytlig \u00e4r jag inte. Bekymren lever och sv\u00e4rtan finns, tro inget annat. Ibland tycker jag att vi har f\u00e5tt mer \u00e4n vi f\u00f6rtj\u00e4nar av ledsamheter. Vi f\u00f6rs\u00f6ker bara inte l\u00e5ta dem styra. Dessutom \u00e4r de flesta bekymmer f\u00f6r privata f\u00f6r att h\u00f6ra hemma h\u00e4r.<\/p>\n<p>Det g\u00e5r en gr\u00e4ns.<\/p>\n","protected":false},"excerpt":{"rendered":"<p>Det h\u00e4r \u00e4r en blogg om att skriva, springa, leva\u2026 ja, du ser beskrivningen upptill. Du hittar inga bilder fr\u00e5n mitt privataste liv h\u00e4r, personlig vill jag vara men det finns en gr\u00e4ns. Ett av de vanligare orden i mina facebookkommentarer \u00e4r \u201dTrivs\u201d. Det \u00e4r sant varenda g\u00e5ng, jag brukar vara glad. Den k\u00e4ra v\u00e4nnen &hellip; <a href=\"https:\/\/sven-ove.nu\/?p=10707\" class=\"more-link\">Forts\u00e4tt l\u00e4sa <span class=\"screen-reader-text\">P\u00e5 gr\u00e4nsen till det privata<\/span><\/a><\/p>\n","protected":false},"author":1,"featured_media":0,"comment_status":"open","ping_status":"open","sticky":false,"template":"","format":"standard","meta":{"_crdt_document":"","_monsterinsights_skip_tracking":false,"_monsterinsights_sitenote_active":false,"_monsterinsights_sitenote_note":"","_monsterinsights_sitenote_category":0,"footnotes":""},"categories":[10,4],"tags":[24,18],"class_list":["post-10707","post","type-post","status-publish","format-standard","hentry","category-familjen","category-skrivande","tag-karlek","tag-lardomar"],"_links":{"self":[{"href":"https:\/\/sven-ove.nu\/index.php?rest_route=\/wp\/v2\/posts\/10707","targetHints":{"allow":["GET"]}}],"collection":[{"href":"https:\/\/sven-ove.nu\/index.php?rest_route=\/wp\/v2\/posts"}],"about":[{"href":"https:\/\/sven-ove.nu\/index.php?rest_route=\/wp\/v2\/types\/post"}],"author":[{"embeddable":true,"href":"https:\/\/sven-ove.nu\/index.php?rest_route=\/wp\/v2\/users\/1"}],"replies":[{"embeddable":true,"href":"https:\/\/sven-ove.nu\/index.php?rest_route=%2Fwp%2Fv2%2Fcomments&post=10707"}],"version-history":[{"count":2,"href":"https:\/\/sven-ove.nu\/index.php?rest_route=\/wp\/v2\/posts\/10707\/revisions"}],"predecessor-version":[{"id":10710,"href":"https:\/\/sven-ove.nu\/index.php?rest_route=\/wp\/v2\/posts\/10707\/revisions\/10710"}],"wp:attachment":[{"href":"https:\/\/sven-ove.nu\/index.php?rest_route=%2Fwp%2Fv2%2Fmedia&parent=10707"}],"wp:term":[{"taxonomy":"category","embeddable":true,"href":"https:\/\/sven-ove.nu\/index.php?rest_route=%2Fwp%2Fv2%2Fcategories&post=10707"},{"taxonomy":"post_tag","embeddable":true,"href":"https:\/\/sven-ove.nu\/index.php?rest_route=%2Fwp%2Fv2%2Ftags&post=10707"}],"curies":[{"name":"wp","href":"https:\/\/api.w.org\/{rel}","templated":true}]}}