{"id":10712,"date":"2015-02-12T03:00:02","date_gmt":"2015-02-12T02:00:02","guid":{"rendered":"http:\/\/sven-ove.nu\/?p=10712"},"modified":"2015-06-26T07:04:34","modified_gmt":"2015-06-26T06:04:34","slug":"sanningen-om-datorflakten","status":"publish","type":"post","link":"https:\/\/sven-ove.nu\/?p=10712","title":{"rendered":"Sanningen om datorfl\u00e4kten"},"content":{"rendered":"<p><a href=\"https:\/\/sven-ove.nu\/wp-content\/uploads\/2015\/02\/\u00c5sa-R.jpg\"><img loading=\"lazy\" decoding=\"async\" class=\"size-medium wp-image-10716 alignright\" src=\"https:\/\/sven-ove.nu\/wp-content\/uploads\/2015\/02\/\u00c5sa-R-300x176.jpg\" alt=\"\u00c5sa R\" width=\"300\" height=\"176\" srcset=\"https:\/\/sven-ove.nu\/wp-content\/uploads\/2015\/02\/\u00c5sa-R-300x176.jpg 300w, https:\/\/sven-ove.nu\/wp-content\/uploads\/2015\/02\/\u00c5sa-R-1024x600.jpg 1024w, https:\/\/sven-ove.nu\/wp-content\/uploads\/2015\/02\/\u00c5sa-R.jpg 1285w\" sizes=\"auto, (max-width: 300px) 100vw, 300px\" \/><\/a>M\u00e5ste en talesman f\u00f6r snuten<br \/>\ns\u00e4tta tejp f\u00f6r tyckartruten?<br \/>\nR\u00e4kna till hundra n\u00e4r han blir arg<br \/>\np\u00e5 tiggare, milj\u00f6parti och varg<\/p>\n<p>Ute tystnar varje vind<br \/>\nDatorn fl\u00e4ktar om\u00a0Tommy Lindh<\/p>\n<p>Kollegan i V\u00e4xj\u00f6 blev idol,<br \/>\nn\u00e4tet blev s\u00e4ttet att n\u00e5 ett m\u00e5l<br \/>\nI V\u00e4rmland bl\u00e5ser en annan vind<\/p>\n<p>Datorn fl\u00e4ktar om\u00a0Tommy Lindh<\/p>\n<p><strong>Viktor Root<\/strong><\/p>\n<p style=\"padding-left: 30px;\"><em>V\u00e4rmlandspolisens talesman Tommy Lindh har hamnat i bl\u00e5sv\u00e4der privat, sedan han <a href=\"http:\/\/sverigesradio.se\/sida\/artikel.aspx?programid=93&amp;artikel=6089470\">skrivit<\/a> p\u00e5 facebook om milj\u00f6partiets syn i vargfr\u00e5gan och tidigare uppmanat folk att inte ge pengar till tiggare.\u00a0<\/em><\/p>\n<p style=\"padding-left: 30px;\"><em>I V\u00e4xj\u00f6 har polisen haft stora framg\u00e5ngar med att anv\u00e4nda Facebook som ett hj\u00e4lpmedel i tj\u00e4nsten. Scott Goodwin, deras speciella <a href=\"http:\/\/www.svt.se\/nyheter\/regionalt\/smalandsnytt\/polisen-som-blev-kand-i-hela-sverige\">facebookpolis<\/a>, har blivit en k\u00e4ndis p\u00e5 stadens gator. V\u00e4xj\u00f6polisens\u00a0sida p\u00e5 Facebook har \u00f6ver 64 000 gillare.\u00a0<\/em><\/p>\n<p style=\"padding-left: 30px;\"><em>Facebookl\u00e4nk: <a href=\"https:\/\/www.facebook.com\/polisenivaxjo.alvesta?fref=ts\">Polisen i V\u00e4xj\u00f6\/Alvesta<\/a><\/em><\/p>\n","protected":false},"excerpt":{"rendered":"<p>M\u00e5ste en talesman f\u00f6r snuten s\u00e4tta tejp f\u00f6r tyckartruten? R\u00e4kna till hundra n\u00e4r han blir arg p\u00e5 tiggare, milj\u00f6parti och varg Ute tystnar varje vind Datorn fl\u00e4ktar om\u00a0Tommy Lindh Kollegan i V\u00e4xj\u00f6 blev idol, n\u00e4tet blev s\u00e4ttet att n\u00e5 ett m\u00e5l I V\u00e4rmland bl\u00e5ser en annan vind Datorn fl\u00e4ktar om\u00a0Tommy Lindh Viktor Root V\u00e4rmlandspolisens talesman &hellip; <a href=\"https:\/\/sven-ove.nu\/?p=10712\" class=\"more-link\">Forts\u00e4tt l\u00e4sa <span class=\"screen-reader-text\">Sanningen om datorfl\u00e4kten<\/span><\/a><\/p>\n","protected":false},"author":1,"featured_media":0,"comment_status":"open","ping_status":"open","sticky":false,"template":"","format":"standard","meta":{"_crdt_document":"","_monsterinsights_skip_tracking":false,"_monsterinsights_sitenote_active":false,"_monsterinsights_sitenote_note":"","_monsterinsights_sitenote_category":0,"footnotes":""},"categories":[4],"tags":[24,18,15],"class_list":["post-10712","post","type-post","status-publish","format-standard","hentry","category-skrivande","tag-karlek","tag-lardomar","tag-mediedjungeln"],"_links":{"self":[{"href":"https:\/\/sven-ove.nu\/index.php?rest_route=\/wp\/v2\/posts\/10712","targetHints":{"allow":["GET"]}}],"collection":[{"href":"https:\/\/sven-ove.nu\/index.php?rest_route=\/wp\/v2\/posts"}],"about":[{"href":"https:\/\/sven-ove.nu\/index.php?rest_route=\/wp\/v2\/types\/post"}],"author":[{"embeddable":true,"href":"https:\/\/sven-ove.nu\/index.php?rest_route=\/wp\/v2\/users\/1"}],"replies":[{"embeddable":true,"href":"https:\/\/sven-ove.nu\/index.php?rest_route=%2Fwp%2Fv2%2Fcomments&post=10712"}],"version-history":[{"count":6,"href":"https:\/\/sven-ove.nu\/index.php?rest_route=\/wp\/v2\/posts\/10712\/revisions"}],"predecessor-version":[{"id":10719,"href":"https:\/\/sven-ove.nu\/index.php?rest_route=\/wp\/v2\/posts\/10712\/revisions\/10719"}],"wp:attachment":[{"href":"https:\/\/sven-ove.nu\/index.php?rest_route=%2Fwp%2Fv2%2Fmedia&parent=10712"}],"wp:term":[{"taxonomy":"category","embeddable":true,"href":"https:\/\/sven-ove.nu\/index.php?rest_route=%2Fwp%2Fv2%2Fcategories&post=10712"},{"taxonomy":"post_tag","embeddable":true,"href":"https:\/\/sven-ove.nu\/index.php?rest_route=%2Fwp%2Fv2%2Ftags&post=10712"}],"curies":[{"name":"wp","href":"https:\/\/api.w.org\/{rel}","templated":true}]}}