{"id":10720,"date":"2015-02-14T20:40:23","date_gmt":"2015-02-14T19:40:23","guid":{"rendered":"http:\/\/sven-ove.nu\/?p=10720"},"modified":"2015-02-14T21:39:32","modified_gmt":"2015-02-14T20:39:32","slug":"pa-colins-kulle","status":"publish","type":"post","link":"https:\/\/sven-ove.nu\/?p=10720","title":{"rendered":"P\u00e5 Colins kulle"},"content":{"rendered":"<p><a href=\"https:\/\/sven-ove.nu\/wp-content\/uploads\/2015\/02\/Bilen-flyger.jpg\"><img loading=\"lazy\" decoding=\"async\" class=\"alignleft size-large wp-image-10722\" src=\"https:\/\/sven-ove.nu\/wp-content\/uploads\/2015\/02\/Bilen-flyger-1024x570.jpg\" alt=\"Bilen flyger\" width=\"640\" height=\"356\" srcset=\"https:\/\/sven-ove.nu\/wp-content\/uploads\/2015\/02\/Bilen-flyger-1024x570.jpg 1024w, https:\/\/sven-ove.nu\/wp-content\/uploads\/2015\/02\/Bilen-flyger-300x167.jpg 300w, https:\/\/sven-ove.nu\/wp-content\/uploads\/2015\/02\/Bilen-flyger.jpg 1602w\" sizes=\"auto, (max-width: 640px) 100vw, 640px\" \/><\/a><\/p>\n<p style=\"text-align: right;\"><em>\u00a0Fr\u00e5n Colins Crest. Mobilfoto: bloggarn\u00a0sj\u00e4lv.<\/em><\/p>\n<p>Det \u00e4r finnar med bl\u00e5vita v\u00e4star, det \u00e4r tv\u00e5 h\u00e5riga gorillor och sju gula k\u00e4ngurur, det \u00e4r ropande norskar och polacker med skogens h\u00f6gsta flaggst\u00e4nger, det \u00e4r vedsl\u00e4pare, det \u00e4r vedb\u00e4rare, det \u00e4r veddragare, det \u00e4r vedskjutare, det \u00e4r vedeldare.<\/p>\n<p>M\u00e5nga vedeldare.<\/p>\n<p>Det \u00e4r banderoller, det \u00e4r visselpipare, det \u00e4r knallskott, det \u00e4r pressfotografer, det \u00e4r sydeuropeiska motorskribenter i dyra l\u00e5gskor i 25 centimeter mellanv\u00e4rml\u00e4ndsk bl\u00f6tsn\u00f6, det \u00e4r h\u00f6gtalare, det \u00e4r j\u00e4ttetevesk\u00e4rm p\u00e5 lyftkran, det \u00e4r norsk och svensk speaker som pratar ikapp. Det \u00e4r 15 000 hitresta, hitg\u00e5dda, kommunen \u00e4r dubblerad. Det \u00e4r knallskott, det \u00e4r folk som g\u00e5r mitt i v\u00e4gen n\u00e4r ingen bil kommer, det \u00e4r vedeldare, korvgrillare, \u00f6ldrickare, j\u00e4germeistersk\u00e5lare och koskenklunkare. Det \u00e4r VIP-t\u00e4lt med snabba servitriser.<\/p>\n<p>Det \u00e4r pulka\u00e5kare i poncho och mexicohatt, det \u00e4r sn\u00f6bollskrig mellan k\u00e4ngurur och hagforsingar, det \u00e4r finsken som dyker p\u00e5 rygg i en sn\u00f6vall, det \u00e4r sl\u00e4ngkyssar \u00f6ver v\u00e4gen, det \u00e4r gula v\u00e4star som det st\u00e5r Media marshall p\u00e5. Det \u00e4r f\u00e4llstolar, dubbelt medtagna. Det \u00e4r fyrhjulingar som fraktar 14 personer i taget p\u00e5 \u00f6ppen flakvagn. Det \u00e4r sm\u00e5brasor och en stor en som hade dugt p\u00e5 Valborg.<\/p>\n<p>Det \u00e4r l\u00e5ngt bort\u2019 i skogen bland tallar. Enda furumon hitom Fryken som f\u00e5tt namn efter en skotte som fl\u00f6g. Nu kommer n\u00e4sta chauff\u00f6r, han flyger 44 meter.<\/p>\n<p>Det \u00e4r ju kul.<br \/>\nUtan dubbelmening.<\/p>\n<p><em><strong>Mobilfilm<\/strong>:\u00a0<\/em><em><a href=\"https:\/\/sven-ove.nu\/wp-content\/uploads\/2015\/02\/IMG_2472.mov\">En som flyger<\/a><\/em><\/p>\n","protected":false},"excerpt":{"rendered":"<p>\u00a0Fr\u00e5n Colins Crest. Mobilfoto: bloggarn\u00a0sj\u00e4lv. Det \u00e4r finnar med bl\u00e5vita v\u00e4star, det \u00e4r tv\u00e5 h\u00e5riga gorillor och sju gula k\u00e4ngurur, det \u00e4r ropande norskar och polacker med skogens h\u00f6gsta flaggst\u00e4nger, det \u00e4r vedsl\u00e4pare, det \u00e4r vedb\u00e4rare, det \u00e4r veddragare, det \u00e4r vedskjutare, det \u00e4r vedeldare. M\u00e5nga vedeldare. Det \u00e4r banderoller, det \u00e4r visselpipare, det \u00e4r &hellip; <a href=\"https:\/\/sven-ove.nu\/?p=10720\" class=\"more-link\">Forts\u00e4tt l\u00e4sa <span class=\"screen-reader-text\">P\u00e5 Colins kulle<\/span><\/a><\/p>\n","protected":false},"author":1,"featured_media":0,"comment_status":"open","ping_status":"open","sticky":false,"template":"","format":"standard","meta":{"_crdt_document":"","_monsterinsights_skip_tracking":false,"_monsterinsights_sitenote_active":false,"_monsterinsights_sitenote_note":"","_monsterinsights_sitenote_category":0,"footnotes":""},"categories":[6],"tags":[13],"class_list":["post-10720","post","type-post","status-publish","format-standard","hentry","category-natur","tag-utrustning"],"_links":{"self":[{"href":"https:\/\/sven-ove.nu\/index.php?rest_route=\/wp\/v2\/posts\/10720","targetHints":{"allow":["GET"]}}],"collection":[{"href":"https:\/\/sven-ove.nu\/index.php?rest_route=\/wp\/v2\/posts"}],"about":[{"href":"https:\/\/sven-ove.nu\/index.php?rest_route=\/wp\/v2\/types\/post"}],"author":[{"embeddable":true,"href":"https:\/\/sven-ove.nu\/index.php?rest_route=\/wp\/v2\/users\/1"}],"replies":[{"embeddable":true,"href":"https:\/\/sven-ove.nu\/index.php?rest_route=%2Fwp%2Fv2%2Fcomments&post=10720"}],"version-history":[{"count":10,"href":"https:\/\/sven-ove.nu\/index.php?rest_route=\/wp\/v2\/posts\/10720\/revisions"}],"predecessor-version":[{"id":10732,"href":"https:\/\/sven-ove.nu\/index.php?rest_route=\/wp\/v2\/posts\/10720\/revisions\/10732"}],"wp:attachment":[{"href":"https:\/\/sven-ove.nu\/index.php?rest_route=%2Fwp%2Fv2%2Fmedia&parent=10720"}],"wp:term":[{"taxonomy":"category","embeddable":true,"href":"https:\/\/sven-ove.nu\/index.php?rest_route=%2Fwp%2Fv2%2Fcategories&post=10720"},{"taxonomy":"post_tag","embeddable":true,"href":"https:\/\/sven-ove.nu\/index.php?rest_route=%2Fwp%2Fv2%2Ftags&post=10720"}],"curies":[{"name":"wp","href":"https:\/\/api.w.org\/{rel}","templated":true}]}}