{"id":10733,"date":"2015-02-20T03:00:26","date_gmt":"2015-02-20T02:00:26","guid":{"rendered":"http:\/\/sven-ove.nu\/?p=10733"},"modified":"2015-02-18T19:15:08","modified_gmt":"2015-02-18T18:15:08","slug":"ett-underbart-pekoral-for-minnet","status":"publish","type":"post","link":"https:\/\/sven-ove.nu\/?p=10733","title":{"rendered":"Ett underbart pekoral f\u00f6r minnet"},"content":{"rendered":"<p><em>Kultur, det \u00e4r fult det\u2026<\/em> Hittade den h\u00e4r l\u00e4nken i en facebookgrupp f\u00f6r beundrare av Jan Stenmark. Vem gillar inte honom, tack du som tog in mig.<\/p>\n<p>Mitt i en tr\u00e5d om n\u00e5gon bild jag har gl\u00f6mt d\u00f6k l\u00e4nken upp. Den l\u00e5ten hade jag aldrig h\u00f6rt. Tack gode Marx som s\u00e5g till att jag aldrig blev r:are. 1970 \u00e5rs splittring kostade mig en gratis Kinaresa under en period n\u00e4r Kina var st\u00e4ngt, det var s\u00e4kert lika bra. Smittkoppsvaccinet hade vi redan f\u00e5tt innan\u00a0jullovet, nu fick hela delegationen stanna hemma och vaccinera Sverige mot v\u00e4nsteravvikelsen. Eller h\u00f6ger, det beror p\u00e5 hur du vill se det.<\/p>\n<p><a href=\"https:\/\/sven-ove.nu\/wp-content\/uploads\/2015\/02\/Knutna-n\u00e4var-1971.gif\"><img loading=\"lazy\" decoding=\"async\" class=\"alignleft size-full wp-image-10736\" src=\"https:\/\/sven-ove.nu\/wp-content\/uploads\/2015\/02\/Knutna-n\u00e4var-1971.gif\" alt=\"Knutna n\u00e4var 1971\" width=\"146\" height=\"150\" \/><\/a>Lyssna. Ett underbart pekoral p\u00e5 b\u00e4sta g\u00f6tebosska (r). Eftersom historien andra g\u00e5ngen upprepar sig som fars ser jag liknande splittring \u00e4ven i dag bland folk som tror att de har r\u00e4tt. Den beror p\u00e5 att en del av dem tror att de har mer r\u00e4tt \u00e4n de andra som tror det och att dessa tror precis samma sak fast tv\u00e4rt om. Mitt i enhetsfronten h\u00e4nder detta.<\/p>\n<p>D\u00e5 brukar jag k\u00e4nna eftert\u00e4nksamt p\u00e5 smittkoppsvaccinerings\u00e4rret.<strong><br \/>\n<\/strong>Fars\u00a0eller tragedi, endera \u00e4r det.<\/p>\n<p><strong>Lyssna:<\/strong><br \/>\n<strong> <a href=\"https:\/\/www.youtube.com\/watch?v=VNsGZrl2OOM&amp;feature=youtu.be\">Knutna n\u00e4var: L\u00e4r av historien<\/a><\/strong><\/p>\n","protected":false},"excerpt":{"rendered":"<p>Kultur, det \u00e4r fult det\u2026 Hittade den h\u00e4r l\u00e4nken i en facebookgrupp f\u00f6r beundrare av Jan Stenmark. Vem gillar inte honom, tack du som tog in mig. Mitt i en tr\u00e5d om n\u00e5gon bild jag har gl\u00f6mt d\u00f6k l\u00e4nken upp. Den l\u00e5ten hade jag aldrig h\u00f6rt. Tack gode Marx som s\u00e5g till att jag aldrig &hellip; <a href=\"https:\/\/sven-ove.nu\/?p=10733\" class=\"more-link\">Forts\u00e4tt l\u00e4sa <span class=\"screen-reader-text\">Ett underbart pekoral f\u00f6r minnet<\/span><\/a><\/p>\n","protected":false},"author":1,"featured_media":0,"comment_status":"open","ping_status":"open","sticky":false,"template":"","format":"standard","meta":{"_crdt_document":"","_monsterinsights_skip_tracking":false,"_monsterinsights_sitenote_active":false,"_monsterinsights_sitenote_note":"","_monsterinsights_sitenote_category":0,"footnotes":""},"categories":[9],"tags":[16,8],"class_list":["post-10733","post","type-post","status-publish","format-standard","hentry","category-politik","tag-dumheter","tag-historia"],"_links":{"self":[{"href":"https:\/\/sven-ove.nu\/index.php?rest_route=\/wp\/v2\/posts\/10733","targetHints":{"allow":["GET"]}}],"collection":[{"href":"https:\/\/sven-ove.nu\/index.php?rest_route=\/wp\/v2\/posts"}],"about":[{"href":"https:\/\/sven-ove.nu\/index.php?rest_route=\/wp\/v2\/types\/post"}],"author":[{"embeddable":true,"href":"https:\/\/sven-ove.nu\/index.php?rest_route=\/wp\/v2\/users\/1"}],"replies":[{"embeddable":true,"href":"https:\/\/sven-ove.nu\/index.php?rest_route=%2Fwp%2Fv2%2Fcomments&post=10733"}],"version-history":[{"count":6,"href":"https:\/\/sven-ove.nu\/index.php?rest_route=\/wp\/v2\/posts\/10733\/revisions"}],"predecessor-version":[{"id":10753,"href":"https:\/\/sven-ove.nu\/index.php?rest_route=\/wp\/v2\/posts\/10733\/revisions\/10753"}],"wp:attachment":[{"href":"https:\/\/sven-ove.nu\/index.php?rest_route=%2Fwp%2Fv2%2Fmedia&parent=10733"}],"wp:term":[{"taxonomy":"category","embeddable":true,"href":"https:\/\/sven-ove.nu\/index.php?rest_route=%2Fwp%2Fv2%2Fcategories&post=10733"},{"taxonomy":"post_tag","embeddable":true,"href":"https:\/\/sven-ove.nu\/index.php?rest_route=%2Fwp%2Fv2%2Ftags&post=10733"}],"curies":[{"name":"wp","href":"https:\/\/api.w.org\/{rel}","templated":true}]}}