{"id":10739,"date":"2015-02-16T03:00:04","date_gmt":"2015-02-16T02:00:04","guid":{"rendered":"http:\/\/sven-ove.nu\/?p=10739"},"modified":"2015-02-15T22:10:11","modified_gmt":"2015-02-15T21:10:11","slug":"nar-jag-vill-bli-som-lars-tommy","status":"publish","type":"post","link":"https:\/\/sven-ove.nu\/?p=10739","title":{"rendered":"N\u00e4r jag vill bli som Lars-Tommy"},"content":{"rendered":"<p><a href=\"https:\/\/sven-ove.nu\/wp-content\/uploads\/2015\/02\/Odling1.jpg\"><img loading=\"lazy\" decoding=\"async\" class=\"alignleft size-large wp-image-10743\" src=\"https:\/\/sven-ove.nu\/wp-content\/uploads\/2015\/02\/Odling1-1024x768.jpg\" alt=\"Odling\" width=\"640\" height=\"480\" srcset=\"https:\/\/sven-ove.nu\/wp-content\/uploads\/2015\/02\/Odling1-1024x768.jpg 1024w, https:\/\/sven-ove.nu\/wp-content\/uploads\/2015\/02\/Odling1-300x225.jpg 300w\" sizes=\"auto, (max-width: 640px) 100vw, 640px\" \/><\/a><\/p>\n<p>Ibland \u00f6nskar jag att jag kunde provocera som Lars-Tommy Hedelindh. Sm\u00e4lla till med n\u00e5t braskande s\u00e5 det blev lite liv i luckan.<\/p>\n<p>Sedan t\u00e4nker jag efter en stund till. Jo men det kan jag ju. Jag har gjort det f\u00f6rr och kan g\u00f6ra det igen. Vem vill inte v\u00e4nda upp och ner p\u00e5 samh\u00e4llet l\u00e5ngt mer \u00e4n Lars-Tommy har t\u00e4nkt sig, han h\u00e4rjar bara om sm\u00e5ttigheter. Jag vill ju dr\u00e4mma till med<br \/>\nf\u00f6rf\u00e4rligheter som att ha kvar v\u00e4rnplikten och en viss vargstam men inte k\u00e4rnkraften, <a href=\"https:\/\/sven-ove.nu\/wp-content\/uploads\/2015\/02\/Skeptisk.jpg\"><img loading=\"lazy\" decoding=\"async\" class=\"size-full wp-image-10744 alignright\" src=\"https:\/\/sven-ove.nu\/wp-content\/uploads\/2015\/02\/Skeptisk.jpg\" alt=\"Skeptisk\" width=\"74\" height=\"154\" \/><\/a>inte monarkin, inte medlemskapet i Europeiska unionen, inte or\u00e4ttvisorna mellan k\u00f6nen, inte rasismen och fr\u00e4mlingsfientligheten, inte SD i riksdagen, inte l\u00e5ta folk k\u00f6ra i 80 n\u00e4r det \u00e4r 100\u00a0men bara en fil p\u00e5 vajerv\u00e4gar, inte l\u00e5ta tanter och farbr\u00f6der promenera i skidsp\u00e5r, inte tills vidare-anst\u00e4lla reportrar som skriver \u201dett fr\u00e4ckt inbrott\u201d, inte s\u00e4lja ut alla svenska folkets gemensamma tillg\u00e5ngar, inte l\u00e5ta en procent av jordens befolkning \u00e4ga h\u00e4lften av dess rikedomar.<\/p>\n<p style=\"padding-left: 30px;\">Fast det vill kanske han ocks\u00e5, n\u00e4r jag t\u00e4nker efter.<br \/>\nHan kanske \u00e4r \u00f6verens om det mesta?<\/p>\n<p>Sanningen \u00e4r att det vore l\u00e4tt att provocera. Jag \u00e4r inte dummare \u00e4n att jag vet hur det g\u00e5r till. De orden finns i min dator med.<\/p>\n<p>Jag har bara inte lust.<\/p>\n<p><strong><em>Fotnot<\/em><\/strong><em>: Lars-Tommy Hedelindh \u00e4r en p\u00e5hittad figur, sl\u00e4kt med hemlige M\u00e5llgan.<\/em><\/p>\n","protected":false},"excerpt":{"rendered":"<p>Ibland \u00f6nskar jag att jag kunde provocera som Lars-Tommy Hedelindh. Sm\u00e4lla till med n\u00e5t braskande s\u00e5 det blev lite liv i luckan. Sedan t\u00e4nker jag efter en stund till. Jo men det kan jag ju. Jag har gjort det f\u00f6rr och kan g\u00f6ra det igen. Vem vill inte v\u00e4nda upp och ner p\u00e5 samh\u00e4llet l\u00e5ngt &hellip; <a href=\"https:\/\/sven-ove.nu\/?p=10739\" class=\"more-link\">Forts\u00e4tt l\u00e4sa <span class=\"screen-reader-text\">N\u00e4r jag vill bli som Lars-Tommy<\/span><\/a><\/p>\n","protected":false},"author":1,"featured_media":0,"comment_status":"open","ping_status":"open","sticky":false,"template":"","format":"standard","meta":{"_crdt_document":"","_monsterinsights_skip_tracking":false,"_monsterinsights_sitenote_active":false,"_monsterinsights_sitenote_note":"","_monsterinsights_sitenote_category":0,"footnotes":""},"categories":[4],"tags":[24,18,15],"class_list":["post-10739","post","type-post","status-publish","format-standard","hentry","category-skrivande","tag-karlek","tag-lardomar","tag-mediedjungeln"],"_links":{"self":[{"href":"https:\/\/sven-ove.nu\/index.php?rest_route=\/wp\/v2\/posts\/10739","targetHints":{"allow":["GET"]}}],"collection":[{"href":"https:\/\/sven-ove.nu\/index.php?rest_route=\/wp\/v2\/posts"}],"about":[{"href":"https:\/\/sven-ove.nu\/index.php?rest_route=\/wp\/v2\/types\/post"}],"author":[{"embeddable":true,"href":"https:\/\/sven-ove.nu\/index.php?rest_route=\/wp\/v2\/users\/1"}],"replies":[{"embeddable":true,"href":"https:\/\/sven-ove.nu\/index.php?rest_route=%2Fwp%2Fv2%2Fcomments&post=10739"}],"version-history":[{"count":5,"href":"https:\/\/sven-ove.nu\/index.php?rest_route=\/wp\/v2\/posts\/10739\/revisions"}],"predecessor-version":[{"id":10751,"href":"https:\/\/sven-ove.nu\/index.php?rest_route=\/wp\/v2\/posts\/10739\/revisions\/10751"}],"wp:attachment":[{"href":"https:\/\/sven-ove.nu\/index.php?rest_route=%2Fwp%2Fv2%2Fmedia&parent=10739"}],"wp:term":[{"taxonomy":"category","embeddable":true,"href":"https:\/\/sven-ove.nu\/index.php?rest_route=%2Fwp%2Fv2%2Fcategories&post=10739"},{"taxonomy":"post_tag","embeddable":true,"href":"https:\/\/sven-ove.nu\/index.php?rest_route=%2Fwp%2Fv2%2Ftags&post=10739"}],"curies":[{"name":"wp","href":"https:\/\/api.w.org\/{rel}","templated":true}]}}