{"id":10746,"date":"2015-02-17T03:00:00","date_gmt":"2015-02-17T02:00:00","guid":{"rendered":"http:\/\/sven-ove.nu\/?p=10746"},"modified":"2015-02-17T06:45:17","modified_gmt":"2015-02-17T05:45:17","slug":"forsta-lovliga-dagen","status":"publish","type":"post","link":"https:\/\/sven-ove.nu\/?p=10746","title":{"rendered":"F\u00f6rsta lovliga dagen"},"content":{"rendered":"<p><a href=\"https:\/\/sven-ove.nu\/wp-content\/uploads\/2015\/02\/R\u00f6tt-kort.jpg\"><img loading=\"lazy\" decoding=\"async\" class=\"size-thumbnail wp-image-10749 alignright\" src=\"https:\/\/sven-ove.nu\/wp-content\/uploads\/2015\/02\/R\u00f6tt-kort-150x150.jpg\" alt=\"R\u00f6tt kort\" width=\"150\" height=\"150\" \/><\/a>I dag \u00e4r det fettisdagen. F\u00f6rsta dagen det \u00e4r lovligt att \u00e4ta semlor. N\u00e5de er, era t\u00e5lamodsklena, hets\u00e4tande, historiel\u00f6sa, penningfixerade sneggelvespar om ert f\u00f6r tidiga bakande, s\u00e4ljande och \u00e4tande av dessa delikatesser har gjort att de inte g\u00e5r att f\u00e5 tag i p\u00e5 konditorier och bageriet i dag och fram till p\u00e5sk.<\/p>\n<p>D\u00e5 ska jag sp\u00f6ka f\u00f6r er. Jag ska sp\u00f6ka f\u00f6r er p\u00e5 str\u00e4nderna, jag ska sp\u00f6ka f\u00f6r er p\u00e5 landningsbanorna, jag ska sp\u00f6ka f\u00f6r er p\u00e5 f\u00e4lten och gatorna, jag ska sp\u00f6ka f\u00f6r er i bergen, <a href=\"https:\/\/www.youtube.com\/watch?v=MkTw3_PmKtc\">we shall never surrender.<\/a><\/p>\n<p style=\"text-align: left;\">Julafton \u00e4r b\u00e4st den 24 december.<br \/>\nFattar du?<\/p>\n<p style=\"text-align: right;\"><strong><em>Fattar du<\/em><\/strong><em> \u00e4r svenska f\u00f6r capisce.<br \/>\n<\/em><em>Har du f\u00f6rst\u00e5tt?<\/em><\/p>\n","protected":false},"excerpt":{"rendered":"<p>I dag \u00e4r det fettisdagen. F\u00f6rsta dagen det \u00e4r lovligt att \u00e4ta semlor. N\u00e5de er, era t\u00e5lamodsklena, hets\u00e4tande, historiel\u00f6sa, penningfixerade sneggelvespar om ert f\u00f6r tidiga bakande, s\u00e4ljande och \u00e4tande av dessa delikatesser har gjort att de inte g\u00e5r att f\u00e5 tag i p\u00e5 konditorier och bageriet i dag och fram till p\u00e5sk. D\u00e5 ska jag &hellip; <a href=\"https:\/\/sven-ove.nu\/?p=10746\" class=\"more-link\">Forts\u00e4tt l\u00e4sa <span class=\"screen-reader-text\">F\u00f6rsta lovliga dagen<\/span><\/a><\/p>\n","protected":false},"author":1,"featured_media":0,"comment_status":"open","ping_status":"open","sticky":false,"template":"","format":"standard","meta":{"_crdt_document":"","_monsterinsights_skip_tracking":false,"_monsterinsights_sitenote_active":false,"_monsterinsights_sitenote_note":"","_monsterinsights_sitenote_category":0,"footnotes":""},"categories":[10],"tags":[8],"class_list":["post-10746","post","type-post","status-publish","format-standard","hentry","category-familjen","tag-historia"],"_links":{"self":[{"href":"https:\/\/sven-ove.nu\/index.php?rest_route=\/wp\/v2\/posts\/10746","targetHints":{"allow":["GET"]}}],"collection":[{"href":"https:\/\/sven-ove.nu\/index.php?rest_route=\/wp\/v2\/posts"}],"about":[{"href":"https:\/\/sven-ove.nu\/index.php?rest_route=\/wp\/v2\/types\/post"}],"author":[{"embeddable":true,"href":"https:\/\/sven-ove.nu\/index.php?rest_route=\/wp\/v2\/users\/1"}],"replies":[{"embeddable":true,"href":"https:\/\/sven-ove.nu\/index.php?rest_route=%2Fwp%2Fv2%2Fcomments&post=10746"}],"version-history":[{"count":5,"href":"https:\/\/sven-ove.nu\/index.php?rest_route=\/wp\/v2\/posts\/10746\/revisions"}],"predecessor-version":[{"id":10755,"href":"https:\/\/sven-ove.nu\/index.php?rest_route=\/wp\/v2\/posts\/10746\/revisions\/10755"}],"wp:attachment":[{"href":"https:\/\/sven-ove.nu\/index.php?rest_route=%2Fwp%2Fv2%2Fmedia&parent=10746"}],"wp:term":[{"taxonomy":"category","embeddable":true,"href":"https:\/\/sven-ove.nu\/index.php?rest_route=%2Fwp%2Fv2%2Fcategories&post=10746"},{"taxonomy":"post_tag","embeddable":true,"href":"https:\/\/sven-ove.nu\/index.php?rest_route=%2Fwp%2Fv2%2Ftags&post=10746"}],"curies":[{"name":"wp","href":"https:\/\/api.w.org\/{rel}","templated":true}]}}