{"id":10821,"date":"2015-02-25T03:00:08","date_gmt":"2015-02-25T02:00:08","guid":{"rendered":"http:\/\/sven-ove.nu\/?p=10821"},"modified":"2015-02-24T18:37:46","modified_gmt":"2015-02-24T17:37:46","slug":"europeiska-unionens-pedagogik","status":"publish","type":"post","link":"https:\/\/sven-ove.nu\/?p=10821","title":{"rendered":"Europeiska Unionens pedagogik"},"content":{"rendered":"<p>N\u00e5got bra har v\u00e4l EU gjort? Absolut. Finns det b\u00e4ttre pedagog, n\u00e4r det g\u00e4ller att visa oss den europeiska fattigdomens ansikte?<\/p>\n<p><a href=\"https:\/\/sven-ove.nu\/wp-content\/uploads\/2015\/02\/Bl\u00e5tt-ljus-lampa.jpg\"><img loading=\"lazy\" decoding=\"async\" class=\"size-medium wp-image-10823 alignright\" src=\"https:\/\/sven-ove.nu\/wp-content\/uploads\/2015\/02\/Bl\u00e5tt-ljus-lampa-214x300.jpg\" alt=\"Bl\u00e5tt ljus lampa\" width=\"214\" height=\"300\" srcset=\"https:\/\/sven-ove.nu\/wp-content\/uploads\/2015\/02\/Bl\u00e5tt-ljus-lampa-214x300.jpg 214w, https:\/\/sven-ove.nu\/wp-content\/uploads\/2015\/02\/Bl\u00e5tt-ljus-lampa-732x1024.jpg 732w, https:\/\/sven-ove.nu\/wp-content\/uploads\/2015\/02\/Bl\u00e5tt-ljus-lampa.jpg 1477w\" sizes=\"auto, (max-width: 214px) 100vw, 214px\" \/><\/a>F\u00f6rr satt det ansiktet p\u00e5 en rom l\u00e5ngt borta i Rum\u00e4nien och andra l\u00e4nder i s\u00f6der. En medm\u00e4nniska, f\u00f6rf\u00f6ljd sedan hundratals \u00e5r, f\u00f6rtalad, ber\u00f6vad utbildning, anst\u00e4ndig bostad och m\u00e4nsklig v\u00e4rdighet.<\/p>\n<p>Ingen l\u00e5tsades se, fattigdomen var dold.<\/p>\n<p>Nu sitter samma ansikte p\u00e5 en rom precis utanf\u00f6r entr\u00e9n d\u00e4r du k\u00f6per n\u00e5got gott till onsdagmiddag. En medm\u00e4nniska, f\u00f6rf\u00f6ljd sedan hundratals \u00e5r, f\u00f6rtalad, ber\u00f6vad utbildning, anst\u00e4ndig bostad och m\u00e4nsklig v\u00e4rdighet.<\/p>\n<p>Se den m\u00e4nniskan, m\u00e4nniska.<br \/>\nSer du v\u00e5rt Europa?<\/p>\n","protected":false},"excerpt":{"rendered":"<p>N\u00e5got bra har v\u00e4l EU gjort? Absolut. Finns det b\u00e4ttre pedagog, n\u00e4r det g\u00e4ller att visa oss den europeiska fattigdomens ansikte? F\u00f6rr satt det ansiktet p\u00e5 en rom l\u00e5ngt borta i Rum\u00e4nien och andra l\u00e4nder i s\u00f6der. En medm\u00e4nniska, f\u00f6rf\u00f6ljd sedan hundratals \u00e5r, f\u00f6rtalad, ber\u00f6vad utbildning, anst\u00e4ndig bostad och m\u00e4nsklig v\u00e4rdighet. Ingen l\u00e5tsades se, fattigdomen &hellip; <a href=\"https:\/\/sven-ove.nu\/?p=10821\" class=\"more-link\">Forts\u00e4tt l\u00e4sa <span class=\"screen-reader-text\">Europeiska Unionens pedagogik<\/span><\/a><\/p>\n","protected":false},"author":1,"featured_media":0,"comment_status":"open","ping_status":"open","sticky":false,"template":"","format":"standard","meta":{"_crdt_document":"","_monsterinsights_skip_tracking":false,"_monsterinsights_sitenote_active":false,"_monsterinsights_sitenote_note":"","_monsterinsights_sitenote_category":0,"footnotes":""},"categories":[9],"tags":[8,25,18,17],"class_list":["post-10821","post","type-post","status-publish","format-standard","hentry","category-politik","tag-historia","tag-kartan","tag-lardomar","tag-solidaritet"],"_links":{"self":[{"href":"https:\/\/sven-ove.nu\/index.php?rest_route=\/wp\/v2\/posts\/10821","targetHints":{"allow":["GET"]}}],"collection":[{"href":"https:\/\/sven-ove.nu\/index.php?rest_route=\/wp\/v2\/posts"}],"about":[{"href":"https:\/\/sven-ove.nu\/index.php?rest_route=\/wp\/v2\/types\/post"}],"author":[{"embeddable":true,"href":"https:\/\/sven-ove.nu\/index.php?rest_route=\/wp\/v2\/users\/1"}],"replies":[{"embeddable":true,"href":"https:\/\/sven-ove.nu\/index.php?rest_route=%2Fwp%2Fv2%2Fcomments&post=10821"}],"version-history":[{"count":4,"href":"https:\/\/sven-ove.nu\/index.php?rest_route=\/wp\/v2\/posts\/10821\/revisions"}],"predecessor-version":[{"id":10826,"href":"https:\/\/sven-ove.nu\/index.php?rest_route=\/wp\/v2\/posts\/10821\/revisions\/10826"}],"wp:attachment":[{"href":"https:\/\/sven-ove.nu\/index.php?rest_route=%2Fwp%2Fv2%2Fmedia&parent=10821"}],"wp:term":[{"taxonomy":"category","embeddable":true,"href":"https:\/\/sven-ove.nu\/index.php?rest_route=%2Fwp%2Fv2%2Fcategories&post=10821"},{"taxonomy":"post_tag","embeddable":true,"href":"https:\/\/sven-ove.nu\/index.php?rest_route=%2Fwp%2Fv2%2Ftags&post=10821"}],"curies":[{"name":"wp","href":"https:\/\/api.w.org\/{rel}","templated":true}]}}