{"id":10827,"date":"2015-02-27T03:00:53","date_gmt":"2015-02-27T02:00:53","guid":{"rendered":"http:\/\/sven-ove.nu\/?p=10827"},"modified":"2015-02-27T21:20:28","modified_gmt":"2015-02-27T20:20:28","slug":"du-vantar-pa-ambulansen-du","status":"publish","type":"post","link":"https:\/\/sven-ove.nu\/?p=10827","title":{"rendered":"Du v\u00e4ntar p\u00e5 ambulansen du"},"content":{"rendered":"<p><a href=\"https:\/\/sven-ove.nu\/wp-content\/uploads\/2015\/02\/Tiggare-i-Forshaga.jpg\"><img loading=\"lazy\" decoding=\"async\" class=\"alignleft size-full wp-image-10829\" src=\"https:\/\/sven-ove.nu\/wp-content\/uploads\/2015\/02\/Tiggare-i-Forshaga.jpg\" alt=\"Tiggare i Forshaga\" width=\"485\" height=\"476\" srcset=\"https:\/\/sven-ove.nu\/wp-content\/uploads\/2015\/02\/Tiggare-i-Forshaga.jpg 485w, https:\/\/sven-ove.nu\/wp-content\/uploads\/2015\/02\/Tiggare-i-Forshaga-300x294.jpg 300w\" sizes=\"auto, (max-width: 485px) 100vw, 485px\" \/><\/a><\/p>\n<p>&nbsp;<\/p>\n<p>&nbsp;<\/p>\n<p>&nbsp;<\/p>\n<p>&nbsp;<\/p>\n<p>&nbsp;<\/p>\n<p>&nbsp;<\/p>\n<p><em>Medm\u00e4nniska med mugg. Forshaga 2014, n\u00e4r det fortfarande var varmt.<\/em><\/p>\n<p>&nbsp;<\/p>\n<p><strong>&#8221;Ska inte Europas fattiga f\u00e5 hj\u00e4lp i sina heml\u00e4nder? \u00c4r inte rum\u00e4nska romers trygghet ett jobb f\u00f6r Rum\u00e4nien?\u201d<br \/>\n<\/strong>Absolut. Men prova g\u00e4rna att ha tv\u00e5 tankar i huvudet samtidigt. En om D\u00e4r, en om H\u00e4r. Det g\u00e5r.<\/p>\n<p><strong>\u201dD\u00e4rf\u00f6r ger jag aldrig n\u00e5gra pengar till en tiggare, det bara lockar hit fler.\u201d<br \/>\n<\/strong>Jaha. Och om du blir vittne till en trafikolycka l\u00e5ter du bli att ge den skadade fria luftv\u00e4gar eller komma ut ur den brinnande bilen. Fast det skulle ha r\u00e4ddat hans liv. Det \u00e4r myndigheternas sak tycker du, vi betalar faktiskt skatt. S\u00e5 du v\u00e4ntar tills brandk\u00e5ren och ambulansen kommer. Fr\u00e5n personens hemkommun. Annars kan det locka fler att st\u00e4lla till med trafikolyckor.<\/p>\n<p>&#8211; Fr\u00e5n hemkommunen!?<\/p>\n<p>H\u00e5rt.<br \/>\nH\u00e5rd m\u00e4nniskosyn.<\/p>\n<p>Fr\u00e4n typ du.<\/p>\n<p style=\"text-align: right;\"><em>L\u00e4nk till ett tidigare inl\u00e4gg om fattigdomens ansikte:<br \/>\n<\/em><em><a href=\"https:\/\/sven-ove.nu\/?p=10821\">Europeiska Unionens pedagogik<\/a><\/em><\/p>\n","protected":false},"excerpt":{"rendered":"<p>&nbsp; &nbsp; &nbsp; &nbsp; &nbsp; &nbsp; Medm\u00e4nniska med mugg. Forshaga 2014, n\u00e4r det fortfarande var varmt. &nbsp; &#8221;Ska inte Europas fattiga f\u00e5 hj\u00e4lp i sina heml\u00e4nder? \u00c4r inte rum\u00e4nska romers trygghet ett jobb f\u00f6r Rum\u00e4nien?\u201d Absolut. Men prova g\u00e4rna att ha tv\u00e5 tankar i huvudet samtidigt. En om D\u00e4r, en om H\u00e4r. Det g\u00e5r. \u201dD\u00e4rf\u00f6r &hellip; <a href=\"https:\/\/sven-ove.nu\/?p=10827\" class=\"more-link\">Forts\u00e4tt l\u00e4sa <span class=\"screen-reader-text\">Du v\u00e4ntar p\u00e5 ambulansen du<\/span><\/a><\/p>\n","protected":false},"author":1,"featured_media":0,"comment_status":"open","ping_status":"open","sticky":false,"template":"","format":"standard","meta":{"_crdt_document":"","_monsterinsights_skip_tracking":false,"_monsterinsights_sitenote_active":false,"_monsterinsights_sitenote_note":"","_monsterinsights_sitenote_category":0,"footnotes":""},"categories":[9],"tags":[24,17],"class_list":["post-10827","post","type-post","status-publish","format-standard","hentry","category-politik","tag-karlek","tag-solidaritet"],"_links":{"self":[{"href":"https:\/\/sven-ove.nu\/index.php?rest_route=\/wp\/v2\/posts\/10827","targetHints":{"allow":["GET"]}}],"collection":[{"href":"https:\/\/sven-ove.nu\/index.php?rest_route=\/wp\/v2\/posts"}],"about":[{"href":"https:\/\/sven-ove.nu\/index.php?rest_route=\/wp\/v2\/types\/post"}],"author":[{"embeddable":true,"href":"https:\/\/sven-ove.nu\/index.php?rest_route=\/wp\/v2\/users\/1"}],"replies":[{"embeddable":true,"href":"https:\/\/sven-ove.nu\/index.php?rest_route=%2Fwp%2Fv2%2Fcomments&post=10827"}],"version-history":[{"count":10,"href":"https:\/\/sven-ove.nu\/index.php?rest_route=\/wp\/v2\/posts\/10827\/revisions"}],"predecessor-version":[{"id":10848,"href":"https:\/\/sven-ove.nu\/index.php?rest_route=\/wp\/v2\/posts\/10827\/revisions\/10848"}],"wp:attachment":[{"href":"https:\/\/sven-ove.nu\/index.php?rest_route=%2Fwp%2Fv2%2Fmedia&parent=10827"}],"wp:term":[{"taxonomy":"category","embeddable":true,"href":"https:\/\/sven-ove.nu\/index.php?rest_route=%2Fwp%2Fv2%2Fcategories&post=10827"},{"taxonomy":"post_tag","embeddable":true,"href":"https:\/\/sven-ove.nu\/index.php?rest_route=%2Fwp%2Fv2%2Ftags&post=10827"}],"curies":[{"name":"wp","href":"https:\/\/api.w.org\/{rel}","templated":true}]}}