{"id":10863,"date":"2015-03-03T03:00:40","date_gmt":"2015-03-03T02:00:40","guid":{"rendered":"http:\/\/sven-ove.nu\/?p=10863"},"modified":"2015-03-01T22:58:34","modified_gmt":"2015-03-01T21:58:34","slug":"en-mes-i-filipstad","status":"publish","type":"post","link":"https:\/\/sven-ove.nu\/?p=10863","title":{"rendered":"Lite f\u00f6rsiktigt i Filipstad"},"content":{"rendered":"<p>En politiker\u00a0i Filipstad vill ge delar av socialbidragen som <a href=\"http:\/\/www.vf.se\/nyheter\/filipstad\/moderat-vill-ge-presentkort-som-socialbidrag\">presentkort<\/a> hos lokala butiker. Annars \u00e5ker de fattiga bara till Ullared och handlar billigt.<\/p>\n<p>Fint t\u00e4nkt, <a href=\"http:\/\/www.svt.se\/nyheter\/regionalt\/varmlandsnytt\/hard-muf-kritik-mot-sohrman\" target=\"_blank\">Ulf S\u00f6hrman<\/a>, fint t\u00e4nkt, men \u00e4r du inte lite f\u00f6rsiktig nu? Varf\u00f6r bara 25 procent av socialbidragen? Varf\u00f6r g\u00e5 omv\u00e4gen via presentkort? F\u00f6rr fick statarna i Sverige sin l\u00f6n i form av spannm\u00e5l, mj\u00f6lk och potatis, var inte det ett praktiskt system? N\u00e4r gods\u00e4garn kom fick de st\u00e5 med m\u00f6ssan i n\u00e4ven.<\/p>\n<p><a href=\"http:\/\/www.skansen.se\/sv\/artikel\/statsystemet\" target=\"_blank\"><img loading=\"lazy\" decoding=\"async\" class=\"size-thumbnail wp-image-10869 alignright\" src=\"https:\/\/sven-ove.nu\/wp-content\/uploads\/2015\/03\/Fattigdomsbevis-150x150.png\" alt=\"Fattigdomsbevis\" width=\"150\" height=\"150\" \/><\/a>\u00c4r det sant att du tycker kommunen ska b\u00f6rja g\u00f6ra tygm\u00e4rken ocks\u00e5, och sy fast p\u00e5 kl\u00e4derna p\u00e5 Filipstads fattiga? S\u00e5 de syns b\u00e4ttre i trafiken.<\/p>\n<p>Eller var det n\u00e5gon annan?<\/p>\n","protected":false},"excerpt":{"rendered":"<p>En politiker\u00a0i Filipstad vill ge delar av socialbidragen som presentkort hos lokala butiker. Annars \u00e5ker de fattiga bara till Ullared och handlar billigt. Fint t\u00e4nkt, Ulf S\u00f6hrman, fint t\u00e4nkt, men \u00e4r du inte lite f\u00f6rsiktig nu? Varf\u00f6r bara 25 procent av socialbidragen? Varf\u00f6r g\u00e5 omv\u00e4gen via presentkort? F\u00f6rr fick statarna i Sverige sin l\u00f6n i &hellip; <a href=\"https:\/\/sven-ove.nu\/?p=10863\" class=\"more-link\">Forts\u00e4tt l\u00e4sa <span class=\"screen-reader-text\">Lite f\u00f6rsiktigt i Filipstad<\/span><\/a><\/p>\n","protected":false},"author":1,"featured_media":0,"comment_status":"open","ping_status":"open","sticky":false,"template":"","format":"standard","meta":{"_crdt_document":"","_monsterinsights_skip_tracking":false,"_monsterinsights_sitenote_active":false,"_monsterinsights_sitenote_note":"","_monsterinsights_sitenote_category":0,"footnotes":""},"categories":[9],"tags":[16],"class_list":["post-10863","post","type-post","status-publish","format-standard","hentry","category-politik","tag-dumheter"],"_links":{"self":[{"href":"https:\/\/sven-ove.nu\/index.php?rest_route=\/wp\/v2\/posts\/10863","targetHints":{"allow":["GET"]}}],"collection":[{"href":"https:\/\/sven-ove.nu\/index.php?rest_route=\/wp\/v2\/posts"}],"about":[{"href":"https:\/\/sven-ove.nu\/index.php?rest_route=\/wp\/v2\/types\/post"}],"author":[{"embeddable":true,"href":"https:\/\/sven-ove.nu\/index.php?rest_route=\/wp\/v2\/users\/1"}],"replies":[{"embeddable":true,"href":"https:\/\/sven-ove.nu\/index.php?rest_route=%2Fwp%2Fv2%2Fcomments&post=10863"}],"version-history":[{"count":11,"href":"https:\/\/sven-ove.nu\/index.php?rest_route=\/wp\/v2\/posts\/10863\/revisions"}],"predecessor-version":[{"id":10881,"href":"https:\/\/sven-ove.nu\/index.php?rest_route=\/wp\/v2\/posts\/10863\/revisions\/10881"}],"wp:attachment":[{"href":"https:\/\/sven-ove.nu\/index.php?rest_route=%2Fwp%2Fv2%2Fmedia&parent=10863"}],"wp:term":[{"taxonomy":"category","embeddable":true,"href":"https:\/\/sven-ove.nu\/index.php?rest_route=%2Fwp%2Fv2%2Fcategories&post=10863"},{"taxonomy":"post_tag","embeddable":true,"href":"https:\/\/sven-ove.nu\/index.php?rest_route=%2Fwp%2Fv2%2Ftags&post=10863"}],"curies":[{"name":"wp","href":"https:\/\/api.w.org\/{rel}","templated":true}]}}