{"id":10890,"date":"2015-03-05T03:00:26","date_gmt":"2015-03-05T02:00:26","guid":{"rendered":"http:\/\/sven-ove.nu\/?p=10890"},"modified":"2015-03-04T21:47:25","modified_gmt":"2015-03-04T20:47:25","slug":"ar-det-okay-om-jag-tar-med-en-ostsmorgas","status":"publish","type":"post","link":"https:\/\/sven-ove.nu\/?p=10890","title":{"rendered":"\u00c4r det okay om jag tar med en ostsm\u00f6rg\u00e5s?"},"content":{"rendered":"<p><a href=\"https:\/\/sven-ove.nu\/wp-content\/uploads\/2015\/03\/Bild-2015-02-11-kl.-13.51.jpg\"><img loading=\"lazy\" decoding=\"async\" class=\"size-full wp-image-10894 alignright\" src=\"https:\/\/sven-ove.nu\/wp-content\/uploads\/2015\/03\/Bild-2015-02-11-kl.-13.51.jpg\" alt=\"Bild 2015-02-11 kl. 13.51\" width=\"373\" height=\"547\" srcset=\"https:\/\/sven-ove.nu\/wp-content\/uploads\/2015\/03\/Bild-2015-02-11-kl.-13.51.jpg 373w, https:\/\/sven-ove.nu\/wp-content\/uploads\/2015\/03\/Bild-2015-02-11-kl.-13.51-204x300.jpg 204w\" sizes=\"auto, (max-width: 373px) 100vw, 373px\" \/><\/a><\/p>\n<p>Jag \u00e4r packningslistetypen. V\u00e4ck mig mitt i natten och jag kan plocka fram listan \u00f6ver vad vi hade med oss till Lanzarote 2012. Badbyxor, simglas\u00f6gon, snusn\u00e4sduk, sn\u00f6re, tejp och&#8230; naturligtvis karta och turisthandbok. L\u00e5ngt i f\u00f6rv\u00e4g hade jag studerat satellitbilder \u00f6ver omr\u00e5det, sett foton fr\u00e5n hotellet och vandrat gatorna p\u00e5 l\u00e5tsas via Googles gatuvyer.<\/p>\n<p>&#8211; Du vet, det finns en l\u00e5ng sandstrand som b\u00f6rjar vid hotellet, d\u00e4r kan vi\u2026<\/p>\n<p>Vem har p\u00e5st\u00e5tt att en \u00e4r normal? Vi \u00e4r m\u00e5nga som \u00e4r skapta s\u00e5h\u00e4r. Det \u00e4r d\u00e4rf\u00f6r det finns turisthandb\u00f6cker, kartor, hotellbeskrivningar, uppslagsverk och Google Street View.<\/p>\n<p><strong>Allt genast?<br \/>\n<\/strong>Mitt nya projekt heter pensioneringen. Den n\u00e4rmar sig. Du tror v\u00e4l f\u00f6r allt i v\u00e4rlden inte att den h\u00e4r m\u00e4nniskotypen kan v\u00e4nta till dagen P med planeringen? Gl\u00f6m det. H\u00e4r beh\u00f6vs en lista.<\/p>\n<p>F\u00f6rst har saken en ekonomisk sida. Den har vi unders\u00f6kt. Snart \u00e4r det dags att ber\u00e4tta f\u00f6r de olika pensionsinstituten vilken fin tid jag har t\u00e4nkt de ska ge mig. I valet mellan parollerna \u201dEgendom \u00e4r st\u00f6ld\u201d och \u201dAllt genast\u201d har jag beslutat mig f\u00f6r en tredje v\u00e4g. \u201dR\u00e4tt m\u00f6e hela tia\u201d. Ganska mycket hela tiden. Vi f\u00e5r se vad instituten svarar.<\/p>\n<p><strong>B\u00f6rjade d\u00f6dst\u00e4da<br \/>\n<\/strong>Under tiden sysslar jag med s\u00e5dant som intresserar mig mer. Sj\u00e4lva packningslistan. Eftersom jag g\u00e5tt omkring och trott hela denna vinter att jag ska d\u00f6 snart har jag b\u00f6rjat med d\u00f6dst\u00e4dningen. Den avbr\u00f6t jag n\u00e4r en v\u00e4nlig doktor med kletig ultraljudsutrustning i n\u00e4ven konstaterade att det inte var n\u00e5gon cancertum\u00f6r.<\/p>\n<p>Bra. Det finns annat som \u00e4r roligare \u00e4n d\u00f6dst\u00e4dning.<\/p>\n<p>Jag forts\u00e4tter allts\u00e5 f\u00f6rbereda kropp och sj\u00e4l f\u00f6r ett liv som levande pension\u00e4r. Pancho, gr\u00e5gosse, statsanst\u00e4lld, senior, gr\u00e5 panter, pensionstagare, \u00e5ldring. Intressant period i livet det d\u00e4r. \u201dPensionstagare\u201d? Jag t\u00e4nker d\u00e5 inte ta n\u00e5\u2019t, jag har sannerligen arbetat ihop slanten sj\u00e4lv.<\/p>\n<p><strong>\u00c5ka bli dyrt<br \/>\n<\/strong>Vad jag ska g\u00f6ra om dagarna som pancho? \u00c5ka till biblioteket och l\u00e4sa tidningar, kom jag p\u00e5 f\u00f6r ett tag sedan. V\u00e4nta nu, \u00e5ka, det blir dyrt. Vi pension\u00e4rer har inte f\u00f6r gott st\u00e4llt och inte \u00e4r det milj\u00f6v\u00e4nligt att \u00e5ka. H\u00e4romdagen m\u00e4tte jag upp str\u00e4ckan n\u00e4r jag joggade runt i Forshaga. Resultatet blev att det \u00e4r halvannan kilometer enkel v\u00e4g mellan min bostad och bibliotekets hyllor. Prima g\u00e5ngavst\u00e5nd.<\/p>\n<p>F\u00e5r man \u00e4ta medhavd ostsm\u00f6rg\u00e5s p\u00e5 bibblan?<\/p>\n<p><a href=\"https:\/\/sven-ove.nu\/wp-content\/uploads\/2015\/03\/Fesk1.jpg\"><img loading=\"lazy\" decoding=\"async\" class=\"size-medium wp-image-10895 alignright\" src=\"https:\/\/sven-ove.nu\/wp-content\/uploads\/2015\/03\/Fesk1-300x196.jpg\" alt=\"Fesk\" width=\"300\" height=\"196\" srcset=\"https:\/\/sven-ove.nu\/wp-content\/uploads\/2015\/03\/Fesk1-300x196.jpg 300w, https:\/\/sven-ove.nu\/wp-content\/uploads\/2015\/03\/Fesk1.jpg 448w\" sizes=\"auto, (max-width: 300px) 100vw, 300px\" \/><\/a>Det ska nog g\u00e5 bra det h\u00e4r. Jag jobbar vidare med min lista, \u00e4n \u00e4r det ett antal m\u00e5nader kvar. Sl\u00e4ktforska ska jag g\u00f6ra. L\u00e4ra mig fler f\u00e5gell\u00e4ten. K\u00f6pa g\u00e5stavar. \u00c5ka till Island och Provence. Eller Bortre Ullerud.<\/p>\n<p>M\u00e5ste jag gilla dragspel och Bertil Boo?<\/p>\n","protected":false},"excerpt":{"rendered":"<p>Jag \u00e4r packningslistetypen. V\u00e4ck mig mitt i natten och jag kan plocka fram listan \u00f6ver vad vi hade med oss till Lanzarote 2012. Badbyxor, simglas\u00f6gon, snusn\u00e4sduk, sn\u00f6re, tejp och&#8230; naturligtvis karta och turisthandbok. L\u00e5ngt i f\u00f6rv\u00e4g hade jag studerat satellitbilder \u00f6ver omr\u00e5det, sett foton fr\u00e5n hotellet och vandrat gatorna p\u00e5 l\u00e5tsas via Googles gatuvyer. &#8211; &hellip; <a href=\"https:\/\/sven-ove.nu\/?p=10890\" class=\"more-link\">Forts\u00e4tt l\u00e4sa <span class=\"screen-reader-text\">\u00c4r det okay om jag tar med en ostsm\u00f6rg\u00e5s?<\/span><\/a><\/p>\n","protected":false},"author":1,"featured_media":0,"comment_status":"open","ping_status":"open","sticky":false,"template":"","format":"standard","meta":{"_crdt_document":"","_monsterinsights_skip_tracking":false,"_monsterinsights_sitenote_active":false,"_monsterinsights_sitenote_note":"","_monsterinsights_sitenote_category":0,"footnotes":""},"categories":[10],"tags":[8,13],"class_list":["post-10890","post","type-post","status-publish","format-standard","hentry","category-familjen","tag-historia","tag-utrustning"],"_links":{"self":[{"href":"https:\/\/sven-ove.nu\/index.php?rest_route=\/wp\/v2\/posts\/10890","targetHints":{"allow":["GET"]}}],"collection":[{"href":"https:\/\/sven-ove.nu\/index.php?rest_route=\/wp\/v2\/posts"}],"about":[{"href":"https:\/\/sven-ove.nu\/index.php?rest_route=\/wp\/v2\/types\/post"}],"author":[{"embeddable":true,"href":"https:\/\/sven-ove.nu\/index.php?rest_route=\/wp\/v2\/users\/1"}],"replies":[{"embeddable":true,"href":"https:\/\/sven-ove.nu\/index.php?rest_route=%2Fwp%2Fv2%2Fcomments&post=10890"}],"version-history":[{"count":5,"href":"https:\/\/sven-ove.nu\/index.php?rest_route=\/wp\/v2\/posts\/10890\/revisions"}],"predecessor-version":[{"id":10898,"href":"https:\/\/sven-ove.nu\/index.php?rest_route=\/wp\/v2\/posts\/10890\/revisions\/10898"}],"wp:attachment":[{"href":"https:\/\/sven-ove.nu\/index.php?rest_route=%2Fwp%2Fv2%2Fmedia&parent=10890"}],"wp:term":[{"taxonomy":"category","embeddable":true,"href":"https:\/\/sven-ove.nu\/index.php?rest_route=%2Fwp%2Fv2%2Fcategories&post=10890"},{"taxonomy":"post_tag","embeddable":true,"href":"https:\/\/sven-ove.nu\/index.php?rest_route=%2Fwp%2Fv2%2Ftags&post=10890"}],"curies":[{"name":"wp","href":"https:\/\/api.w.org\/{rel}","templated":true}]}}