{"id":10993,"date":"2015-03-20T03:00:15","date_gmt":"2015-03-20T02:00:15","guid":{"rendered":"http:\/\/sven-ove.nu\/?p=10993"},"modified":"2015-03-19T22:00:29","modified_gmt":"2015-03-19T21:00:29","slug":"inskrankningar-i-personalen","status":"publish","type":"post","link":"https:\/\/sven-ove.nu\/?p=10993","title":{"rendered":"Inskr\u00e4nkningar i personalen"},"content":{"rendered":"<p><a href=\"https:\/\/sven-ove.nu\/wp-content\/uploads\/2015\/03\/Blomster.jpg\"><img loading=\"lazy\" decoding=\"async\" class=\"size-medium wp-image-10997 alignright\" src=\"https:\/\/sven-ove.nu\/wp-content\/uploads\/2015\/03\/Blomster-225x300.jpg\" alt=\"Blomster\" width=\"225\" height=\"300\" srcset=\"https:\/\/sven-ove.nu\/wp-content\/uploads\/2015\/03\/Blomster-225x300.jpg 225w, https:\/\/sven-ove.nu\/wp-content\/uploads\/2015\/03\/Blomster-768x1024.jpg 768w, https:\/\/sven-ove.nu\/wp-content\/uploads\/2015\/03\/Blomster.jpg 1224w\" sizes=\"auto, (max-width: 225px) 100vw, 225px\" \/><\/a>P\u00e5 grund av inskr\u00e4nkt personal (bloggaren personligen) tvingas Svenssons sl\u00e4ng minska p\u00e5 utgivningen. I forts\u00e4ttningen blir det ett inl\u00e4gg om dagen m\u00e5ndag, onsdag och fredag. Vare sig det beh\u00f6vs eller ej.<\/p>\n<p>Under icke utgivningsdag rekommenderas gamla inl\u00e4gg fr\u00e5n december eller maj \u00e5r 2012. Exempelvis. Eller sidan <a href=\"https:\/\/sven-ove.nu\/?page_id=102\">L\u00f6pning<\/a> fr\u00e5n l\u00e4nkarna ovan, en \u00e4ldre Sunnekr\u00f6nika om en premi\u00e4r. Kanske <a href=\"https:\/\/sven-ove.nu\/?p=9581\">blogginl\u00e4gget fr\u00e5n den 18 september 2014<\/a>? Vad vet jag.<\/p>\n<p>Inskr\u00e4nkningen hos personalen best\u00e5r av f\u00f6rv\u00e4rvade v\u00e5rk\u00e4nslor, entusiasm och eufori. Tjoho.<\/p>\n","protected":false},"excerpt":{"rendered":"<p>P\u00e5 grund av inskr\u00e4nkt personal (bloggaren personligen) tvingas Svenssons sl\u00e4ng minska p\u00e5 utgivningen. I forts\u00e4ttningen blir det ett inl\u00e4gg om dagen m\u00e5ndag, onsdag och fredag. Vare sig det beh\u00f6vs eller ej. Under icke utgivningsdag rekommenderas gamla inl\u00e4gg fr\u00e5n december eller maj \u00e5r 2012. Exempelvis. Eller sidan L\u00f6pning fr\u00e5n l\u00e4nkarna ovan, en \u00e4ldre Sunnekr\u00f6nika om en &hellip; <a href=\"https:\/\/sven-ove.nu\/?p=10993\" class=\"more-link\">Forts\u00e4tt l\u00e4sa <span class=\"screen-reader-text\">Inskr\u00e4nkningar i personalen<\/span><\/a><\/p>\n","protected":false},"author":1,"featured_media":0,"comment_status":"open","ping_status":"open","sticky":false,"template":"","format":"standard","meta":{"_crdt_document":"","_monsterinsights_skip_tracking":false,"_monsterinsights_sitenote_active":false,"_monsterinsights_sitenote_note":"","_monsterinsights_sitenote_category":0,"footnotes":""},"categories":[6,4],"tags":[24,14],"class_list":["post-10993","post","type-post","status-publish","format-standard","hentry","category-natur","category-skrivande","tag-karlek","tag-lasning"],"_links":{"self":[{"href":"https:\/\/sven-ove.nu\/index.php?rest_route=\/wp\/v2\/posts\/10993","targetHints":{"allow":["GET"]}}],"collection":[{"href":"https:\/\/sven-ove.nu\/index.php?rest_route=\/wp\/v2\/posts"}],"about":[{"href":"https:\/\/sven-ove.nu\/index.php?rest_route=\/wp\/v2\/types\/post"}],"author":[{"embeddable":true,"href":"https:\/\/sven-ove.nu\/index.php?rest_route=\/wp\/v2\/users\/1"}],"replies":[{"embeddable":true,"href":"https:\/\/sven-ove.nu\/index.php?rest_route=%2Fwp%2Fv2%2Fcomments&post=10993"}],"version-history":[{"count":6,"href":"https:\/\/sven-ove.nu\/index.php?rest_route=\/wp\/v2\/posts\/10993\/revisions"}],"predecessor-version":[{"id":11078,"href":"https:\/\/sven-ove.nu\/index.php?rest_route=\/wp\/v2\/posts\/10993\/revisions\/11078"}],"wp:attachment":[{"href":"https:\/\/sven-ove.nu\/index.php?rest_route=%2Fwp%2Fv2%2Fmedia&parent=10993"}],"wp:term":[{"taxonomy":"category","embeddable":true,"href":"https:\/\/sven-ove.nu\/index.php?rest_route=%2Fwp%2Fv2%2Fcategories&post=10993"},{"taxonomy":"post_tag","embeddable":true,"href":"https:\/\/sven-ove.nu\/index.php?rest_route=%2Fwp%2Fv2%2Ftags&post=10993"}],"curies":[{"name":"wp","href":"https:\/\/api.w.org\/{rel}","templated":true}]}}