{"id":11043,"date":"2015-05-08T03:00:36","date_gmt":"2015-05-08T02:00:36","guid":{"rendered":"http:\/\/sven-ove.nu\/?p=11043"},"modified":"2015-05-02T08:05:28","modified_gmt":"2015-05-02T07:05:28","slug":"ord-i-rattan-tid","status":"publish","type":"post","link":"https:\/\/sven-ove.nu\/?p=11043","title":{"rendered":"Ord i r\u00e4ttan tid"},"content":{"rendered":"<p><a href=\"https:\/\/sven-ove.nu\/wp-content\/uploads\/2015\/03\/Groda.jpg\"><img loading=\"lazy\" decoding=\"async\" class=\"alignleft size-large wp-image-11045\" src=\"https:\/\/sven-ove.nu\/wp-content\/uploads\/2015\/03\/Groda-1024x709.jpg\" alt=\"Groda\" width=\"640\" height=\"443\" srcset=\"https:\/\/sven-ove.nu\/wp-content\/uploads\/2015\/03\/Groda-1024x709.jpg 1024w, https:\/\/sven-ove.nu\/wp-content\/uploads\/2015\/03\/Groda-300x207.jpg 300w, https:\/\/sven-ove.nu\/wp-content\/uploads\/2015\/03\/Groda.jpg 1542w\" sizes=\"auto, (max-width: 640px) 100vw, 640px\" \/><\/a><\/p>\n<p>Tycker du det \u00e4r f\u00f6r f\u00e5 trevliga uttalanden av svenska n\u00e4ringslivstoppar i min blogg? Du har f\u00f6rst\u00e5s r\u00e4tt. P\u00e5 denna plats \u00e4r \u00f6verheten kraftigt undersysselsatt. H\u00e4r kommer d\u00e4rf\u00f6r ett par ord i r\u00e4ttan tid fr\u00e5n\u00a0dess forne nestor, Peter Wallenberg.<\/p>\n<p>Hans namn uttalas Pi-t\u00f6rr. T\u00e4nk 3,14 och en stockholmare som f\u00f6rs\u00f6ker leka v\u00e4rml\u00e4nning och s\u00e4ga t\u00f4rr. Eller en lokal TV4-kampanj som inte vet hur man skriver tak \u00f6ver o:na.<\/p>\n<p>Pi-t\u00f6rr.<\/p>\n<p><strong><a href=\"https:\/\/sven-ove.nu\/wp-content\/uploads\/2015\/03\/Lillgroda.png\"><img loading=\"lazy\" decoding=\"async\" class=\"alignleft size-full wp-image-11047\" src=\"https:\/\/sven-ove.nu\/wp-content\/uploads\/2015\/03\/Lillgroda.png\" alt=\"Lillgroda\" width=\"54\" height=\"39\" \/><\/a>\u2013 Man skall\u00a0komma ih\u00e5g det att det finns allts\u00e5 ett f\u00e5tal mycket v\u00e4l utbildade svartingar och med dem har du i princip inga st\u00f6rre definitionsproblem, men med den stora gruppen har du det.<br \/>\n<\/strong>Om afrikaner. TV4-intervju med Stina Dabrowski 1994.<\/p>\n<p><a href=\"https:\/\/sven-ove.nu\/wp-content\/uploads\/2015\/03\/Lillgroda.png\"><img loading=\"lazy\" decoding=\"async\" class=\"alignleft size-full wp-image-11047\" src=\"https:\/\/sven-ove.nu\/wp-content\/uploads\/2015\/03\/Lillgroda.png\" alt=\"Lillgroda\" width=\"54\" height=\"39\" \/><\/a><\/p>\n<p><strong>\u2013 Jag undrar just\u00a0vad vi skulle tycka om n\u00e5gon satt och petade in en massa kosing till lapparna s\u00e5 att de kunde st\u00e4lla till med en massa problem f\u00f6r den svenska regeringen.<br \/>\n<\/strong>Om st\u00f6det till ANC och de svartas frihetskamp i Sydafrika. 1992.<\/p>\n<p><strong><a href=\"https:\/\/sven-ove.nu\/wp-content\/uploads\/2015\/03\/Lillgroda.png\"><img loading=\"lazy\" decoding=\"async\" class=\"alignleft size-full wp-image-11047\" src=\"https:\/\/sven-ove.nu\/wp-content\/uploads\/2015\/03\/Lillgroda.png\" alt=\"Lillgroda\" width=\"54\" height=\"39\" \/><\/a>\u2013 L\u00e5t folk spara till det de beh\u00f6ver: skola, sjukv\u00e5rd, pension och vad det nu kan vara.<br \/>\n<\/strong>Om svenskarnas v\u00e4lf\u00e4rd. Debattartikel i Dagens Nyheter 1990.<\/p>\n<p><strong><a href=\"https:\/\/sven-ove.nu\/wp-content\/uploads\/2015\/03\/Lillgroda.png\"><img loading=\"lazy\" decoding=\"async\" class=\"alignleft size-full wp-image-11047\" src=\"https:\/\/sven-ove.nu\/wp-content\/uploads\/2015\/03\/Lillgroda.png\" alt=\"Lillgroda\" width=\"54\" height=\"39\" \/><\/a>\u2013 Vi ska inte ha en chefredakt\u00f6r som inte vet att l\u00e4ra journalisterna vilken hand som matat dem.<br \/>\n<\/strong>Om alltf\u00f6r sj\u00e4lvst\u00e4ndig ekonomijournalistik i Svenska Dagbladet, d\u00e4r hans Investor var huvud\u00e4gare. 1991 avsatte han d\u00e4rf\u00f6r chefredakt\u00f6ren Bertil Torekull.<\/p>\n<p><strong>&#8211; God natt.<br \/>\n<\/strong>1997.<\/p>\n","protected":false},"excerpt":{"rendered":"<p>Tycker du det \u00e4r f\u00f6r f\u00e5 trevliga uttalanden av svenska n\u00e4ringslivstoppar i min blogg? Du har f\u00f6rst\u00e5s r\u00e4tt. P\u00e5 denna plats \u00e4r \u00f6verheten kraftigt undersysselsatt. H\u00e4r kommer d\u00e4rf\u00f6r ett par ord i r\u00e4ttan tid fr\u00e5n\u00a0dess forne nestor, Peter Wallenberg. Hans namn uttalas Pi-t\u00f6rr. T\u00e4nk 3,14 och en stockholmare som f\u00f6rs\u00f6ker leka v\u00e4rml\u00e4nning och s\u00e4ga t\u00f4rr. &hellip; <a href=\"https:\/\/sven-ove.nu\/?p=11043\" class=\"more-link\">Forts\u00e4tt l\u00e4sa <span class=\"screen-reader-text\">Ord i r\u00e4ttan tid<\/span><\/a><\/p>\n","protected":false},"author":1,"featured_media":0,"comment_status":"open","ping_status":"open","sticky":false,"template":"","format":"standard","meta":{"_crdt_document":"","_monsterinsights_skip_tracking":false,"_monsterinsights_sitenote_active":false,"_monsterinsights_sitenote_note":"","_monsterinsights_sitenote_category":0,"footnotes":""},"categories":[28],"tags":[16,15,21],"class_list":["post-11043","post","type-post","status-publish","format-standard","hentry","category-kreativt-folk","tag-dumheter","tag-mediedjungeln","tag-ord"],"_links":{"self":[{"href":"https:\/\/sven-ove.nu\/index.php?rest_route=\/wp\/v2\/posts\/11043","targetHints":{"allow":["GET"]}}],"collection":[{"href":"https:\/\/sven-ove.nu\/index.php?rest_route=\/wp\/v2\/posts"}],"about":[{"href":"https:\/\/sven-ove.nu\/index.php?rest_route=\/wp\/v2\/types\/post"}],"author":[{"embeddable":true,"href":"https:\/\/sven-ove.nu\/index.php?rest_route=\/wp\/v2\/users\/1"}],"replies":[{"embeddable":true,"href":"https:\/\/sven-ove.nu\/index.php?rest_route=%2Fwp%2Fv2%2Fcomments&post=11043"}],"version-history":[{"count":7,"href":"https:\/\/sven-ove.nu\/index.php?rest_route=\/wp\/v2\/posts\/11043\/revisions"}],"predecessor-version":[{"id":11057,"href":"https:\/\/sven-ove.nu\/index.php?rest_route=\/wp\/v2\/posts\/11043\/revisions\/11057"}],"wp:attachment":[{"href":"https:\/\/sven-ove.nu\/index.php?rest_route=%2Fwp%2Fv2%2Fmedia&parent=11043"}],"wp:term":[{"taxonomy":"category","embeddable":true,"href":"https:\/\/sven-ove.nu\/index.php?rest_route=%2Fwp%2Fv2%2Fcategories&post=11043"},{"taxonomy":"post_tag","embeddable":true,"href":"https:\/\/sven-ove.nu\/index.php?rest_route=%2Fwp%2Fv2%2Ftags&post=11043"}],"curies":[{"name":"wp","href":"https:\/\/api.w.org\/{rel}","templated":true}]}}