{"id":11121,"date":"2015-03-30T03:00:52","date_gmt":"2015-03-30T02:00:52","guid":{"rendered":"http:\/\/sven-ove.nu\/?p=11121"},"modified":"2015-03-28T18:23:27","modified_gmt":"2015-03-28T17:23:27","slug":"arga-tanten-rusar-ut","status":"publish","type":"post","link":"https:\/\/sven-ove.nu\/?p=11121","title":{"rendered":"Arga Tanten rusar ut"},"content":{"rendered":"<p><a href=\"https:\/\/sven-ove.nu\/wp-content\/uploads\/2015\/03\/Wiehe-Ebba-Plura.jpg\"><img loading=\"lazy\" decoding=\"async\" class=\"alignleft size-large wp-image-11123\" src=\"https:\/\/sven-ove.nu\/wp-content\/uploads\/2015\/03\/Wiehe-Ebba-Plura-1024x768.jpg\" alt=\"Wiehe Ebba Plura\" width=\"640\" height=\"480\" srcset=\"https:\/\/sven-ove.nu\/wp-content\/uploads\/2015\/03\/Wiehe-Ebba-Plura-1024x768.jpg 1024w, https:\/\/sven-ove.nu\/wp-content\/uploads\/2015\/03\/Wiehe-Ebba-Plura-300x225.jpg 300w\" sizes=\"auto, (max-width: 640px) 100vw, 640px\" \/><\/a><\/p>\n<p style=\"text-align: right;\"><em>\u00a0Vet inte tant\u00a0vem Wiehe \u00e4r?<\/em><\/p>\n<p>Helg och vi hamnar i ett stim. V\u00e4rsta roarhelgen. Roa mig, det ska h\u00e4danefter blifva min musik.<\/p>\n<p>P\u00e5 fredagen roar mig tanten som pl\u00f6tsligt uppt\u00e4cker att det \u00e4r <strong>Mikael Wiehe<\/strong> hon har kommit f\u00f6r att lyssna p\u00e5. Konsertlokalen p\u00e5 Karlstad CCC dignar av gr\u00e5h\u00e5rskvinnor och m\u00e4n som rest hit f\u00f6r att h\u00f6ra sin ungdoms hj\u00e4lte. Med sig har han Ebba Forsberg och Plura Jonsson. De sjunger \u00f6versatta amerikanska l\u00e5tar, programmet heter <em>American songbook p\u00e5 svenska<\/em> och vi gillar det.<\/p>\n<p>Det g\u00f6r inte Arga Tanten. Efter en handfull l\u00e5tar reser hon sig i affekt fr\u00e5n en av de fr\u00e4mre b\u00e4nkraderna, f\u00e5r karln sin med sig och rusar ut ur salen.<\/p>\n<p><em>&#8211; Plura kan jag ta, men inte den d\u00e4r kommunistpropagandan!<\/em><\/p>\n<p>Spottet fr\u00e4ser om henne, \u00f6gonen blixtrar, hela kroppen knycker av upphetsning. Alla som h\u00f6r henne ler. S\u00e5 gammal, precis lika \u00e5ldrad som vi, och aldrig h\u00f6rt talas om Mikael Wiehe?<\/p>\n<p style=\"padding-left: 30px;\"><strong>Han hade ett mellanprat om historien, det var allt. F\u00f6rst handlade det om hur v\u00e5rt n\u00e4ringsliv och v\u00e5ra borgerliga partier gick i taket n\u00e4r Olof Palme kritiserade USA:s bombningar av Hanoi julen 1972. Palmes tal skulle st\u00f6ra aff\u00e4rerna. <\/strong><\/p>\n<p style=\"padding-left: 30px;\"><strong>Sedan handlade det om hur kritiken av den rasistiska apartheidpolitiken i Sydafrika p\u00e5 1980-talet fick dem att g\u00e5 i taket, f\u00f6r nu var det den kritiken som skulle st\u00f6ra aff\u00e4rerna. <\/strong><\/p>\n<p style=\"padding-left: 30px;\"><strong>Slutligen var det Margot Wallstr\u00f6ms kritik av diktaturen i Saudiarabien som skulle\u2026 ja, du fattar.<\/strong><\/p>\n<p><a href=\"https:\/\/sven-ove.nu\/wp-content\/uploads\/2015\/03\/Wiehe.jpg\"><img loading=\"lazy\" decoding=\"async\" class=\"size-medium wp-image-11127 alignright\" src=\"https:\/\/sven-ove.nu\/wp-content\/uploads\/2015\/03\/Wiehe-300x246.jpg\" alt=\"Wiehe\" width=\"300\" height=\"246\" srcset=\"https:\/\/sven-ove.nu\/wp-content\/uploads\/2015\/03\/Wiehe-300x246.jpg 300w, https:\/\/sven-ove.nu\/wp-content\/uploads\/2015\/03\/Wiehe-1024x842.jpg 1024w, https:\/\/sven-ove.nu\/wp-content\/uploads\/2015\/03\/Wiehe.jpg 1194w\" sizes=\"auto, (max-width: 300px) 100vw, 300px\" \/><\/a>En l\u00e5ng stund sitter Arga Tanten kvar och samlar ihop sin vrede tills allt kokar. D\u00e5\u00a0knycker hon p\u00e5 nacken och rusar ut.<\/p>\n<p>Roligt.<\/p>\n<p>Man ska l\u00e4sa rubrikerna. \u201dWIEHE\u201d st\u00e5r det p\u00e5 biljetten. Man ska se det. <em>What You See Is What You Get,<\/em> som vi s\u00e4ger p\u00e5 Grossbolstorp. Du f\u00e5r vad du f\u00f6rtj\u00e4nar, sa de gamle.<\/p>\n<p>En intressant stund.<\/p>\n<p style=\"padding-left: 30px;\">\u00a0*<\/p>\n<p>Dagen d\u00e4rp\u00e5 \u00e5ker vi till slakteriet. Det vill s\u00e4ga, precis som v\u00e5r k\u00e4ra gamla Hyttan i Karlstad har det f\u00e5tt nytt och malligare namn. Inte riktigt lika malligt som <a href=\"http:\/\/karlstadccc.se\">Karlstad Congress Culture Centre<\/a>, men dock en modern skylt d\u00e4r en stor bokstav har g\u00e5tt vilse mitt i.<\/p>\n<p><a href=\"http:\/\/www.kil.se\/Naringsliv--arbete\/KilArena\/\">KilArena<\/a>.<\/p>\n<p><a href=\"https:\/\/sven-ove.nu\/wp-content\/uploads\/2015\/03\/KilArena.jpg\"><img loading=\"lazy\" decoding=\"async\" class=\"size-medium wp-image-11128 alignright\" src=\"https:\/\/sven-ove.nu\/wp-content\/uploads\/2015\/03\/KilArena-300x160.jpg\" alt=\"KilArena\" width=\"300\" height=\"160\" srcset=\"https:\/\/sven-ove.nu\/wp-content\/uploads\/2015\/03\/KilArena-300x160.jpg 300w, https:\/\/sven-ove.nu\/wp-content\/uploads\/2015\/03\/KilArena.jpg 768w\" sizes=\"auto, (max-width: 300px) 100vw, 300px\" \/><\/a>En fin och \u00e4ndam\u00e5lsenlig lokal \u00e4r det, precis som den var 1983 n\u00e4r jag bes\u00f6kte den f\u00f6rra g\u00e5ngen. D\u00e5 fick jag en lapp i n\u00e4ven av chefen p\u00e5 Nya Wermlands-Tidningen. <em>Livdjursauktion Kil, livfullt reportage, ta med fotograf, f\u00e4rgbilder <\/em>stod det. Vi fick s\u00e5dana lappar under f\u00f6rra \u00e5rtusendet.<\/p>\n<p>Detta var n\u00e5gra \u00e5r efter att NWT:s fotografer hade slutat ta med r\u00f6d halsduk f\u00f6r att s\u00e4tta f\u00e4rg p\u00e5 de f\u00e5 f\u00e4rgbilderna, men \u00e4nd\u00e5. F\u00e4rgreportage, man tackar.<\/p>\n<p>Texten om de levande korna de ledde in kan inte ha blivit n\u00e5gon vinnare av Stora Journalistpriset. Jag \u00e4r son av en sm\u00e5bonde och tycker om kor men har inget minne av att reportaget fick upplagan att att \u00f6ka kraftigt det \u00e5ret.<\/p>\n<p>Den h\u00e4r eftermiddagen skickar\u00a0de in <strong>Kjell \u00c5ke i Myra<\/strong>. Han kallar sig s\u00e5, f\u00f6r han heter det, och jag tror att han \u00e4r Sveriges roligaste karl. Ibland, n\u00e4r tillvaron k\u00e4nns tung, bl\u00e4ddrar jag fram honom p\u00e5 Youtube, bara f\u00f6r att f\u00e5 h\u00f6ra honom ber\u00e4tta om Digerberget.<\/p>\n<p><em><a href=\"https:\/\/sven-ove.nu\/wp-content\/uploads\/2015\/03\/Kjell-\u00c5ke.jpg\"><img loading=\"lazy\" decoding=\"async\" class=\"size-thumbnail wp-image-11135 alignright\" src=\"https:\/\/sven-ove.nu\/wp-content\/uploads\/2015\/03\/Kjell-\u00c5ke-150x150.jpg\" alt=\"Kjell \u00c5ke\" width=\"150\" height=\"150\" \/><\/a>&#8211; D\u00e4r har di en speciell dialekt.<br \/>\n<\/em><em>D\u00e4r s\u00e4ger di ittn\u00e2.<\/em><\/p>\n<p>Mer s\u00e4ger jag inte.<br \/>\nNu b\u00f6rjar han.<\/p>\n","protected":false},"excerpt":{"rendered":"<p>\u00a0Vet inte tant\u00a0vem Wiehe \u00e4r? Helg och vi hamnar i ett stim. V\u00e4rsta roarhelgen. Roa mig, det ska h\u00e4danefter blifva min musik. P\u00e5 fredagen roar mig tanten som pl\u00f6tsligt uppt\u00e4cker att det \u00e4r Mikael Wiehe hon har kommit f\u00f6r att lyssna p\u00e5. Konsertlokalen p\u00e5 Karlstad CCC dignar av gr\u00e5h\u00e5rskvinnor och m\u00e4n som rest hit f\u00f6r &hellip; <a href=\"https:\/\/sven-ove.nu\/?p=11121\" class=\"more-link\">Forts\u00e4tt l\u00e4sa <span class=\"screen-reader-text\">Arga Tanten rusar ut<\/span><\/a><\/p>\n","protected":false},"author":1,"featured_media":0,"comment_status":"open","ping_status":"open","sticky":false,"template":"","format":"standard","meta":{"_crdt_document":"","_monsterinsights_skip_tracking":false,"_monsterinsights_sitenote_active":false,"_monsterinsights_sitenote_note":"","_monsterinsights_sitenote_category":0,"footnotes":""},"categories":[28],"tags":[16,24,18,21],"class_list":["post-11121","post","type-post","status-publish","format-standard","hentry","category-kreativt-folk","tag-dumheter","tag-karlek","tag-lardomar","tag-ord"],"_links":{"self":[{"href":"https:\/\/sven-ove.nu\/index.php?rest_route=\/wp\/v2\/posts\/11121","targetHints":{"allow":["GET"]}}],"collection":[{"href":"https:\/\/sven-ove.nu\/index.php?rest_route=\/wp\/v2\/posts"}],"about":[{"href":"https:\/\/sven-ove.nu\/index.php?rest_route=\/wp\/v2\/types\/post"}],"author":[{"embeddable":true,"href":"https:\/\/sven-ove.nu\/index.php?rest_route=\/wp\/v2\/users\/1"}],"replies":[{"embeddable":true,"href":"https:\/\/sven-ove.nu\/index.php?rest_route=%2Fwp%2Fv2%2Fcomments&post=11121"}],"version-history":[{"count":13,"href":"https:\/\/sven-ove.nu\/index.php?rest_route=\/wp\/v2\/posts\/11121\/revisions"}],"predecessor-version":[{"id":11138,"href":"https:\/\/sven-ove.nu\/index.php?rest_route=\/wp\/v2\/posts\/11121\/revisions\/11138"}],"wp:attachment":[{"href":"https:\/\/sven-ove.nu\/index.php?rest_route=%2Fwp%2Fv2%2Fmedia&parent=11121"}],"wp:term":[{"taxonomy":"category","embeddable":true,"href":"https:\/\/sven-ove.nu\/index.php?rest_route=%2Fwp%2Fv2%2Fcategories&post=11121"},{"taxonomy":"post_tag","embeddable":true,"href":"https:\/\/sven-ove.nu\/index.php?rest_route=%2Fwp%2Fv2%2Ftags&post=11121"}],"curies":[{"name":"wp","href":"https:\/\/api.w.org\/{rel}","templated":true}]}}