{"id":11157,"date":"2015-04-08T03:00:29","date_gmt":"2015-04-08T02:00:29","guid":{"rendered":"http:\/\/sven-ove.nu\/?p=11157"},"modified":"2015-04-08T07:36:22","modified_gmt":"2015-04-08T06:36:22","slug":"tjocka-lar-och-svarta-cykelbyxor","status":"publish","type":"post","link":"https:\/\/sven-ove.nu\/?p=11157","title":{"rendered":"Tjocka l\u00e5r och svarta cykelbyxor"},"content":{"rendered":"<p><a href=\"https:\/\/sven-ove.nu\/wp-content\/uploads\/2015\/04\/BJ2.jpg\"><img loading=\"lazy\" decoding=\"async\" class=\"size-medium wp-image-11159 alignright\" src=\"https:\/\/sven-ove.nu\/wp-content\/uploads\/2015\/04\/BJ2-216x300.jpg\" alt=\"BJ2\" width=\"216\" height=\"300\" srcset=\"https:\/\/sven-ove.nu\/wp-content\/uploads\/2015\/04\/BJ2-216x300.jpg 216w, https:\/\/sven-ove.nu\/wp-content\/uploads\/2015\/04\/BJ2-737x1024.jpg 737w, https:\/\/sven-ove.nu\/wp-content\/uploads\/2015\/04\/BJ2.jpg 1104w\" sizes=\"auto, (max-width: 216px) 100vw, 216px\" \/><\/a>En dag uppt\u00e4cker jag att skator har tjocka l\u00e5r och svarta cykelbyxor. D\u00e5 har jag besk\u00e5dat 186 880 skator i mitt liv. Aldrig har jag t\u00e4nkt p\u00e5 deras ben. Inte f\u00f6rr\u00e4n nummer 186 881 st\u00e5r d\u00e4r och hackar p\u00e5 den \u00f6vervintrade talgboll hon fick ner p\u00e5 backen.<\/p>\n<p>Sj\u00e4lv \u00e4r hon mycket mer observant. Flyger s\u00e5 fort hon m\u00e4rker att jag ser.<\/p>\n<p>En halv minut senare \u00e4r hon tillbaka. Talgbollen, talgbollen.<\/p>\n<p style=\"text-align: right;\">\n","protected":false},"excerpt":{"rendered":"<p>En dag uppt\u00e4cker jag att skator har tjocka l\u00e5r och svarta cykelbyxor. D\u00e5 har jag besk\u00e5dat 186 880 skator i mitt liv. Aldrig har jag t\u00e4nkt p\u00e5 deras ben. Inte f\u00f6rr\u00e4n nummer 186 881 st\u00e5r d\u00e4r och hackar p\u00e5 den \u00f6vervintrade talgboll hon fick ner p\u00e5 backen. Sj\u00e4lv \u00e4r hon mycket mer observant. Flyger s\u00e5 &hellip; <a href=\"https:\/\/sven-ove.nu\/?p=11157\" class=\"more-link\">Forts\u00e4tt l\u00e4sa <span class=\"screen-reader-text\">Tjocka l\u00e5r och svarta cykelbyxor<\/span><\/a><\/p>\n","protected":false},"author":1,"featured_media":0,"comment_status":"open","ping_status":"open","sticky":false,"template":"","format":"standard","meta":{"_crdt_document":"","_monsterinsights_skip_tracking":false,"_monsterinsights_sitenote_active":false,"_monsterinsights_sitenote_note":"","_monsterinsights_sitenote_category":0,"footnotes":""},"categories":[6],"tags":[24],"class_list":["post-11157","post","type-post","status-publish","format-standard","hentry","category-natur","tag-karlek"],"_links":{"self":[{"href":"https:\/\/sven-ove.nu\/index.php?rest_route=\/wp\/v2\/posts\/11157","targetHints":{"allow":["GET"]}}],"collection":[{"href":"https:\/\/sven-ove.nu\/index.php?rest_route=\/wp\/v2\/posts"}],"about":[{"href":"https:\/\/sven-ove.nu\/index.php?rest_route=\/wp\/v2\/types\/post"}],"author":[{"embeddable":true,"href":"https:\/\/sven-ove.nu\/index.php?rest_route=\/wp\/v2\/users\/1"}],"replies":[{"embeddable":true,"href":"https:\/\/sven-ove.nu\/index.php?rest_route=%2Fwp%2Fv2%2Fcomments&post=11157"}],"version-history":[{"count":8,"href":"https:\/\/sven-ove.nu\/index.php?rest_route=\/wp\/v2\/posts\/11157\/revisions"}],"predecessor-version":[{"id":11184,"href":"https:\/\/sven-ove.nu\/index.php?rest_route=\/wp\/v2\/posts\/11157\/revisions\/11184"}],"wp:attachment":[{"href":"https:\/\/sven-ove.nu\/index.php?rest_route=%2Fwp%2Fv2%2Fmedia&parent=11157"}],"wp:term":[{"taxonomy":"category","embeddable":true,"href":"https:\/\/sven-ove.nu\/index.php?rest_route=%2Fwp%2Fv2%2Fcategories&post=11157"},{"taxonomy":"post_tag","embeddable":true,"href":"https:\/\/sven-ove.nu\/index.php?rest_route=%2Fwp%2Fv2%2Ftags&post=11157"}],"curies":[{"name":"wp","href":"https:\/\/api.w.org\/{rel}","templated":true}]}}