{"id":11207,"date":"2015-04-15T03:00:00","date_gmt":"2015-04-15T02:00:00","guid":{"rendered":"http:\/\/sven-ove.nu\/?p=11207"},"modified":"2015-04-14T14:26:53","modified_gmt":"2015-04-14T13:26:53","slug":"dumt-folk-a-froding","status":"publish","type":"post","link":"https:\/\/sven-ove.nu\/?p=11207","title":{"rendered":"&#8221;Dumt f\u00f4lk \u00e5 Fr\u00f6ding&#8221;"},"content":{"rendered":"<p><a href=\"https:\/\/sven-ove.nu\/wp-content\/uploads\/2015\/04\/Sola-och-dumheten.jpg\"><img loading=\"lazy\" decoding=\"async\" class=\"alignleft size-large wp-image-11210\" src=\"https:\/\/sven-ove.nu\/wp-content\/uploads\/2015\/04\/Sola-och-dumheten-1024x768.jpg\" alt=\"Sola och dumheten\" width=\"640\" height=\"480\" srcset=\"https:\/\/sven-ove.nu\/wp-content\/uploads\/2015\/04\/Sola-och-dumheten-1024x768.jpg 1024w, https:\/\/sven-ove.nu\/wp-content\/uploads\/2015\/04\/Sola-och-dumheten-300x225.jpg 300w, https:\/\/sven-ove.nu\/wp-content\/uploads\/2015\/04\/Sola-och-dumheten.jpg 1632w\" sizes=\"auto, (max-width: 640px) 100vw, 640px\" \/><\/a><\/p>\n<p>Ibland f\u00e5r jag lust att s\u00e4ga som gamle far. <em>\u201dDumt f\u00f4lk \u00e5 Fr\u00f6ding\u201d.<\/em><\/p>\n<p>Saken \u00e4r den att staden jag arbetar i har turen att ge plats \u00e5t landskapets, ja kanske ett av Sveriges allra b\u00e4sta offentliga konstverk. Herman Reijers skulptur Sola. F\u00f6rebilden till Sola i Karlstad var servitris och sedermera v\u00e4rdshus\u00e4gare, hon hette <a href=\"http:\/\/sv.wikipedia.org\/wiki\/Sola_i_Karlstad\">Eva-Lisa Holtz<\/a> och var av den gladare sorten.<\/p>\n<p>D\u00e5 f\u00e5r du ett s\u00e5dant smeknamn.<\/p>\n<p>Nu st\u00e5r den kloka, vackra skulpturen av henne intill \u00e4lven utanf\u00f6r stadshotellet. Varje vecka ser jag henne p\u00e5 bild p\u00e5 Facebook n\u00e4r n\u00e5gra av mina v\u00e4nner st\u00e4mt tr\u00e4ff d\u00e4r. Ibland h\u00e4nder det att det kommer folk l\u00e5ngt utombys ifr\u00e5n och fr\u00e5gar mig efter v\u00e4gen till statyn.<\/p>\n<p>En bra skulptur ska vara som 360 teckningar, l\u00e4rde mig konstn\u00e4ren en g\u00e5ng n\u00e4r jag som glad amat\u00f6r f\u00f6rklarade att Sola-statyn \u00e4r lika bra fr\u00e5n alla h\u00e5ll. Hon \u00e4r det, n\u00e4mligen.<\/p>\n<p><strong>Som om det n\u00e5gonsin hade varit aktuellt<br \/>\n<\/strong>N\u00e5, nu har en djuping i Karlstad\u00a0l\u00e4mnat in ett <a href=\"http:\/\/www.vf.se\/nyheter\/karlstad\/karlstadsbo-vill-mala-solastatyn-gul\" target=\"_blank\">medborgarf\u00f6rslag<\/a> till kommunen. <em>M\u00e5la Sola gul, den ska v\u00e4l \u00e4nd\u00e5 lysa och skina som solen var det t\u00e4nkt?<\/em><\/p>\n<p>Dumt f\u00f4lk \u00e5 Fr\u00f6ding. Hade nu kultur- och fritidsf\u00f6rvaltningen i v\u00e5r residensstad varit aningen mer kulturintresserad, s\u00e5 hade den sm\u00e5lett en stund och sedan hade den raskt slagit kraftfullt bakut. Aldrig i livet, Herman Reijers skulptur \u00e4r stadens vackraste, den \u00e4r ett i h\u00f6gsta grad sj\u00e4lvst\u00e4ndigt verk och det skulle aldrig falla oss in att tafsa p\u00e5 den d\u00f6de konstn\u00e4rens upphovsr\u00e4tt. <em>Ho \u00e4 bra som ho \u00e4, Sola.<\/em><\/p>\n<p>S\u00e5 skulle en kulturintresserad ha gjort. I Karlstad tog de i st\u00e4llet kontakt med Herman Reijers d\u00f6dsbo. <em>Vad tycker ni?<\/em> Som om det n\u00e5gonsin hade varit aktuellt att m\u00e5la \u00f6ver v\u00e5rt b\u00e4sta\u00a0konstverk.<\/p>\n<p><strong>Vad g\u00f6r ni d\u00e5?<br \/>\n<\/strong>I Karlstads kranskommuner funderar vi nu p\u00e5 vad som h\u00e4nder, om n\u00e5gon f\u00f6rhoppningsfull inv\u00e5nare d\u00e4r nere i Klar\u00e4lvsdeltat l\u00e4mnar in ett medborgarf\u00f6rslag om att f\u00f6rgylla samtliga kommunalr\u00e5d med sj\u00e4lvlysande gul f\u00e4rg \u00f6ver hela kroppen. Vad g\u00f6r f\u00f6rvaltninga\u2019 d\u00e5?<\/p>\n<p>Skriver till r\u00e5dens anh\u00f6riga och ber om lov?<\/p>\n","protected":false},"excerpt":{"rendered":"<p>Ibland f\u00e5r jag lust att s\u00e4ga som gamle far. \u201dDumt f\u00f4lk \u00e5 Fr\u00f6ding\u201d. Saken \u00e4r den att staden jag arbetar i har turen att ge plats \u00e5t landskapets, ja kanske ett av Sveriges allra b\u00e4sta offentliga konstverk. Herman Reijers skulptur Sola. F\u00f6rebilden till Sola i Karlstad var servitris och sedermera v\u00e4rdshus\u00e4gare, hon hette Eva-Lisa Holtz &hellip; <a href=\"https:\/\/sven-ove.nu\/?p=11207\" class=\"more-link\">Forts\u00e4tt l\u00e4sa <span class=\"screen-reader-text\">&#8221;Dumt f\u00f4lk \u00e5 Fr\u00f6ding&#8221;<\/span><\/a><\/p>\n","protected":false},"author":1,"featured_media":0,"comment_status":"open","ping_status":"open","sticky":false,"template":"","format":"standard","meta":{"_crdt_document":"","_monsterinsights_skip_tracking":false,"_monsterinsights_sitenote_active":false,"_monsterinsights_sitenote_note":"","_monsterinsights_sitenote_category":0,"footnotes":""},"categories":[28],"tags":[16],"class_list":["post-11207","post","type-post","status-publish","format-standard","hentry","category-kreativt-folk","tag-dumheter"],"_links":{"self":[{"href":"https:\/\/sven-ove.nu\/index.php?rest_route=\/wp\/v2\/posts\/11207","targetHints":{"allow":["GET"]}}],"collection":[{"href":"https:\/\/sven-ove.nu\/index.php?rest_route=\/wp\/v2\/posts"}],"about":[{"href":"https:\/\/sven-ove.nu\/index.php?rest_route=\/wp\/v2\/types\/post"}],"author":[{"embeddable":true,"href":"https:\/\/sven-ove.nu\/index.php?rest_route=\/wp\/v2\/users\/1"}],"replies":[{"embeddable":true,"href":"https:\/\/sven-ove.nu\/index.php?rest_route=%2Fwp%2Fv2%2Fcomments&post=11207"}],"version-history":[{"count":10,"href":"https:\/\/sven-ove.nu\/index.php?rest_route=\/wp\/v2\/posts\/11207\/revisions"}],"predecessor-version":[{"id":11218,"href":"https:\/\/sven-ove.nu\/index.php?rest_route=\/wp\/v2\/posts\/11207\/revisions\/11218"}],"wp:attachment":[{"href":"https:\/\/sven-ove.nu\/index.php?rest_route=%2Fwp%2Fv2%2Fmedia&parent=11207"}],"wp:term":[{"taxonomy":"category","embeddable":true,"href":"https:\/\/sven-ove.nu\/index.php?rest_route=%2Fwp%2Fv2%2Fcategories&post=11207"},{"taxonomy":"post_tag","embeddable":true,"href":"https:\/\/sven-ove.nu\/index.php?rest_route=%2Fwp%2Fv2%2Ftags&post=11207"}],"curies":[{"name":"wp","href":"https:\/\/api.w.org\/{rel}","templated":true}]}}