{"id":11416,"date":"2015-05-01T03:00:00","date_gmt":"2015-05-01T02:00:00","guid":{"rendered":"http:\/\/sven-ove.nu\/?p=11416"},"modified":"2015-04-30T13:04:11","modified_gmt":"2015-04-30T12:04:11","slug":"ror-om-ror-om","status":"publish","type":"post","link":"https:\/\/sven-ove.nu\/?p=11416","title":{"rendered":"R\u00f6d dag, r\u00f6r om"},"content":{"rendered":"<p>Morfar var med och organiserade Karlstads byggnadsarbetare, n\u00e4r den fackliga tanken var ny och obekv\u00e4m. F\u00f6rsta maj var en festlig dag. Mamma f\u00f6rde en av traditionerna vidare. Den dagen skulle hon och syskonen f\u00e5\u00a0<strong>\u00e4ggr\u00f6ra<\/strong> n\u00e4r de var sm\u00e5, det fick vi ocks\u00e5 sedan.<\/p>\n<p>Han kallade de r\u00e5r\u00f6rda \u00e4ggen s\u00e5. \u00c4ggula och mycket socker i ett dricksglas, sedan r\u00f6r du tills handen b\u00f6rjar domna och gulan vitnar.<\/p>\n<p>Det finns fler traditioner den h\u00e4r dagen. En period underh\u00f6ll jag med allvar och satir vid v\u00e5ra lokala f\u00f6rsta maj-m\u00f6ten. Tio \u00e5r i str\u00e4ck stod jag i talarstolen, \u00e5rets viktigaste stund. Det h\u00e4nder att jag saknar det.<\/p>\n<p><a href=\"https:\/\/sven-ove.nu\/wp-content\/uploads\/2015\/05\/Fots-kopia.jpg\"><img loading=\"lazy\" decoding=\"async\" class=\"alignright size-thumbnail wp-image-11419\" src=\"https:\/\/sven-ove.nu\/wp-content\/uploads\/2015\/05\/Fots-kopia-150x150.jpg\" alt=\"Fots kopia\" width=\"150\" height=\"150\" \/><\/a>H\u00e4romdagen blev jag bjuden p\u00e5 \u00e4ggr\u00f6ra igen. Prolet\u00e4rer i alla land, f\u00f6renen Eder. R\u00e4ttvisa och <a href=\"https:\/\/sven-ove.nu\/?page_id=100\">demokrati<\/a> \u00e5t folket, r\u00e5r\u00f6rt \u00e4gg \u00e5t alla. Det finns s\u00e5 mycket dumheter kvar att \u00e4ndra p\u00e5.<\/p>\n<p>R\u00f6r om.<\/p>\n","protected":false},"excerpt":{"rendered":"<p>Morfar var med och organiserade Karlstads byggnadsarbetare, n\u00e4r den fackliga tanken var ny och obekv\u00e4m. F\u00f6rsta maj var en festlig dag. Mamma f\u00f6rde en av traditionerna vidare. Den dagen skulle hon och syskonen f\u00e5\u00a0\u00e4ggr\u00f6ra n\u00e4r de var sm\u00e5, det fick vi ocks\u00e5 sedan. Han kallade de r\u00e5r\u00f6rda \u00e4ggen s\u00e5. \u00c4ggula och mycket socker i ett &hellip; <a href=\"https:\/\/sven-ove.nu\/?p=11416\" class=\"more-link\">Forts\u00e4tt l\u00e4sa <span class=\"screen-reader-text\">R\u00f6d dag, r\u00f6r om<\/span><\/a><\/p>\n","protected":false},"author":1,"featured_media":0,"comment_status":"open","ping_status":"open","sticky":false,"template":"","format":"standard","meta":{"_crdt_document":"","_monsterinsights_skip_tracking":false,"_monsterinsights_sitenote_active":false,"_monsterinsights_sitenote_note":"","_monsterinsights_sitenote_category":0,"footnotes":""},"categories":[10,9],"tags":[8,24,17],"class_list":["post-11416","post","type-post","status-publish","format-standard","hentry","category-familjen","category-politik","tag-historia","tag-karlek","tag-solidaritet"],"_links":{"self":[{"href":"https:\/\/sven-ove.nu\/index.php?rest_route=\/wp\/v2\/posts\/11416","targetHints":{"allow":["GET"]}}],"collection":[{"href":"https:\/\/sven-ove.nu\/index.php?rest_route=\/wp\/v2\/posts"}],"about":[{"href":"https:\/\/sven-ove.nu\/index.php?rest_route=\/wp\/v2\/types\/post"}],"author":[{"embeddable":true,"href":"https:\/\/sven-ove.nu\/index.php?rest_route=\/wp\/v2\/users\/1"}],"replies":[{"embeddable":true,"href":"https:\/\/sven-ove.nu\/index.php?rest_route=%2Fwp%2Fv2%2Fcomments&post=11416"}],"version-history":[{"count":17,"href":"https:\/\/sven-ove.nu\/index.php?rest_route=\/wp\/v2\/posts\/11416\/revisions"}],"predecessor-version":[{"id":11515,"href":"https:\/\/sven-ove.nu\/index.php?rest_route=\/wp\/v2\/posts\/11416\/revisions\/11515"}],"wp:attachment":[{"href":"https:\/\/sven-ove.nu\/index.php?rest_route=%2Fwp%2Fv2%2Fmedia&parent=11416"}],"wp:term":[{"taxonomy":"category","embeddable":true,"href":"https:\/\/sven-ove.nu\/index.php?rest_route=%2Fwp%2Fv2%2Fcategories&post=11416"},{"taxonomy":"post_tag","embeddable":true,"href":"https:\/\/sven-ove.nu\/index.php?rest_route=%2Fwp%2Fv2%2Ftags&post=11416"}],"curies":[{"name":"wp","href":"https:\/\/api.w.org\/{rel}","templated":true}]}}